{"id":375,"date":"2019-03-29T17:59:57","date_gmt":"2019-03-29T16:59:57","guid":{"rendered":"http:\/\/www.galerie3f.fr\/paris\/?p=375"},"modified":"2019-03-29T18:04:05","modified_gmt":"2019-03-29T17:04:05","slug":"michele-sauve","status":"publish","type":"post","link":"http:\/\/www.galerie3f.fr\/paris\/michele-sauve\/","title":{"rendered":"Mich\u00e8le SAUV\u00c9"},"content":{"rendered":"\n<ul class=\"wp-block-gallery columns-3 is-cropped wp-block-gallery-1 is-layout-flex wp-block-gallery-is-layout-flex\"><li class=\"blocks-gallery-item\"><figure><a href=\"http:\/\/www.galerie3f.fr\/paris\/wp-content\/uploads\/2019\/03\/michele-sauve4.jpg\"><img loading=\"lazy\" decoding=\"async\" width=\"599\" height=\"800\" src=\"http:\/\/www.galerie3f.fr\/paris\/wp-content\/uploads\/2019\/03\/michele-sauve4.jpg\" alt=\"\" data-id=\"369\" data-link=\"http:\/\/www.galerie3f.fr\/paris\/michele-sauve4\/\" class=\"wp-image-369\" srcset=\"http:\/\/www.galerie3f.fr\/paris\/wp-content\/uploads\/2019\/03\/michele-sauve4.jpg 599w, http:\/\/www.galerie3f.fr\/paris\/wp-content\/uploads\/2019\/03\/michele-sauve4-225x300.jpg 225w, http:\/\/www.galerie3f.fr\/paris\/wp-content\/uploads\/2019\/03\/michele-sauve4-508x678.jpg 508w\" sizes=\"auto, (max-width: 599px) 100vw, 599px\" \/><\/a><\/figure><\/li><li class=\"blocks-gallery-item\"><figure><a href=\"http:\/\/www.galerie3f.fr\/paris\/wp-content\/uploads\/2019\/03\/michele-sauve3.jpg\"><img loading=\"lazy\" decoding=\"async\" width=\"584\" height=\"800\" src=\"http:\/\/www.galerie3f.fr\/paris\/wp-content\/uploads\/2019\/03\/michele-sauve3.jpg\" alt=\"\" data-id=\"368\" data-link=\"http:\/\/www.galerie3f.fr\/paris\/michele-sauve3\/\" class=\"wp-image-368\" srcset=\"http:\/\/www.galerie3f.fr\/paris\/wp-content\/uploads\/2019\/03\/michele-sauve3.jpg 584w, http:\/\/www.galerie3f.fr\/paris\/wp-content\/uploads\/2019\/03\/michele-sauve3-219x300.jpg 219w, http:\/\/www.galerie3f.fr\/paris\/wp-content\/uploads\/2019\/03\/michele-sauve3-508x696.jpg 508w\" sizes=\"auto, (max-width: 584px) 100vw, 584px\" \/><\/a><\/figure><\/li><li class=\"blocks-gallery-item\"><figure><a href=\"http:\/\/www.galerie3f.fr\/paris\/wp-content\/uploads\/2019\/03\/michele-sauve2.jpg\"><img loading=\"lazy\" decoding=\"async\" width=\"800\" height=\"599\" src=\"http:\/\/www.galerie3f.fr\/paris\/wp-content\/uploads\/2019\/03\/michele-sauve2.jpg\" alt=\"\" data-id=\"367\" data-link=\"http:\/\/www.galerie3f.fr\/paris\/michele-sauve2\/\" class=\"wp-image-367\" srcset=\"http:\/\/www.galerie3f.fr\/paris\/wp-content\/uploads\/2019\/03\/michele-sauve2.jpg 800w, http:\/\/www.galerie3f.fr\/paris\/wp-content\/uploads\/2019\/03\/michele-sauve2-300x225.jpg 300w, http:\/\/www.galerie3f.fr\/paris\/wp-content\/uploads\/2019\/03\/michele-sauve2-768x575.jpg 768w, http:\/\/www.galerie3f.fr\/paris\/wp-content\/uploads\/2019\/03\/michele-sauve2-508x380.jpg 508w\" sizes=\"auto, (max-width: 800px) 100vw, 800px\" \/><\/a><\/figure><\/li><li class=\"blocks-gallery-item\"><figure><a href=\"http:\/\/www.galerie3f.fr\/paris\/wp-content\/uploads\/2019\/03\/michele-sauve1.jpg\"><img loading=\"lazy\" decoding=\"async\" width=\"619\" height=\"800\" src=\"http:\/\/www.galerie3f.fr\/paris\/wp-content\/uploads\/2019\/03\/michele-sauve1.jpg\" alt=\"\" data-id=\"366\" data-link=\"http:\/\/www.galerie3f.fr\/paris\/michele-sauve1\/\" class=\"wp-image-366\" srcset=\"http:\/\/www.galerie3f.fr\/paris\/wp-content\/uploads\/2019\/03\/michele-sauve1.jpg 619w, http:\/\/www.galerie3f.fr\/paris\/wp-content\/uploads\/2019\/03\/michele-sauve1-232x300.jpg 232w, http:\/\/www.galerie3f.fr\/paris\/wp-content\/uploads\/2019\/03\/michele-sauve1-508x657.jpg 508w\" sizes=\"auto, (max-width: 619px) 100vw, 619px\" \/><\/a><\/figure><\/li><li class=\"blocks-gallery-item\"><figure><a href=\"http:\/\/www.galerie3f.fr\/paris\/wp-content\/uploads\/2019\/03\/michele-sauve5.jpg\"><img loading=\"lazy\" decoding=\"async\" width=\"606\" height=\"800\" src=\"http:\/\/www.galerie3f.fr\/paris\/wp-content\/uploads\/2019\/03\/michele-sauve5.jpg\" alt=\"\" data-id=\"370\" data-link=\"http:\/\/www.galerie3f.fr\/paris\/michele-sauve5\/\" class=\"wp-image-370\" srcset=\"http:\/\/www.galerie3f.fr\/paris\/wp-content\/uploads\/2019\/03\/michele-sauve5.jpg 606w, http:\/\/www.galerie3f.fr\/paris\/wp-content\/uploads\/2019\/03\/michele-sauve5-227x300.jpg 227w, http:\/\/www.galerie3f.fr\/paris\/wp-content\/uploads\/2019\/03\/michele-sauve5-508x671.jpg 508w\" sizes=\"auto, (max-width: 606px) 100vw, 606px\" \/><\/a><\/figure><\/li><li class=\"blocks-gallery-item\"><figure><a href=\"http:\/\/www.galerie3f.fr\/paris\/wp-content\/uploads\/2019\/03\/michele-sauve6-780x1024.jpg\"><img loading=\"lazy\" decoding=\"async\" width=\"780\" height=\"1024\" src=\"http:\/\/www.galerie3f.fr\/paris\/wp-content\/uploads\/2019\/03\/michele-sauve6-780x1024.jpg\" alt=\"\" data-id=\"371\" data-link=\"http:\/\/www.galerie3f.fr\/paris\/michele-sauve6\/\" class=\"wp-image-371\" srcset=\"http:\/\/www.galerie3f.fr\/paris\/wp-content\/uploads\/2019\/03\/michele-sauve6.jpg 780w, http:\/\/www.galerie3f.fr\/paris\/wp-content\/uploads\/2019\/03\/michele-sauve6-229x300.jpg 229w, http:\/\/www.galerie3f.fr\/paris\/wp-content\/uploads\/2019\/03\/michele-sauve6-768x1008.jpg 768w, http:\/\/www.galerie3f.fr\/paris\/wp-content\/uploads\/2019\/03\/michele-sauve6-508x667.jpg 508w\" sizes=\"auto, (max-width: 780px) 100vw, 780px\" \/><\/a><figcaption>\u00a9 Mich\u00e8le Sauv\u00e9<\/figcaption><\/figure><\/li><\/ul>\n\n\n\n<p>Un peintre qui joue du violon, c\u2019est d\u00e9j\u00e0 arriv\u00e9 (le fameux violon d\u2019Ingres), mais une violoniste qui fait de la peinture, cela arrive aussi : <strong>Mich\u00e8le SAUV\u00c9<\/strong> en est un bel exemple.<br><br>Musique, peinture ? Evoquons aussi la litt\u00e9rature : \u00ab J\u2019aime les beaux paysages, \u00e9crivait Stendhal, ils font quelquefois sur mon \u00e2me le m\u00eame effet qu\u2019un archet bien mani\u00e9 sur un violon sonore, ils cr\u00e9ent des sensations folles, ils augmentent ma joie et rendent le malheur plus supportable. \u00bb Rempla\u00e7ons le mot \u00ab paysage \u00bb par \u00ab peinture \u00bb, et nous obtenons une bonne description de la peinture de Mich\u00e8le : une palette qui n\u2019appartient qu\u2019\u00e0 elle, des compositions riches, complexes, o\u00f9 le regard se prom\u00e8ne sans se lasser, toujours surpris au d\u00e9tour d\u2019une ligne ou d\u2019un motif par une profusion d\u00e9licate d\u2019\u00e9motions visuelles, o\u00f9 la vue s\u2019\u00e9tonne et r\u00e9sonne avec la vie.<br><br>Peinture, photo, mais aussi iPhon\u00e9ographies : Mich\u00e8le SAUV\u00c9 est aussi \u00e0 l\u2019aise avec l\u2019archet et le pinceau qu\u2019avec l\u2019iPhone. Co-Laur\u00e9ate du iPhone Art en 2011, elle va d\u2019un instrument \u00e0 l\u2019autre et les techniques ancestrales ou contemporaines trouvent dans sa pratique sans fronti\u00e8re (dans tous les sens du terme : elle est fran\u00e7aise et canadienne) un terrain o\u00f9 se rejoindre et s\u2019inspirer.<br>Mich\u00e8le Sauv\u00e9 a cinq sens comme tout un chacun, mais peut-\u00eatre qu\u2019elle voit, qu\u2019elle entend, et qu\u2019elle est pr\u00e9sente au monde un peu plus que tout un chacun.<br><\/p>\n","protected":false},"excerpt":{"rendered":"<p>Un peintre qui joue du violon, c\u2019est d\u00e9j\u00e0 arriv\u00e9 (le fameux violon d\u2019Ingres), mais une violoniste qui fait de la peinture, cela arrive aussi : Mich\u00e8le SAUV\u00c9 en&#8230;<\/p>\n","protected":false},"author":1,"featured_media":369,"comment_status":"closed","ping_status":"open","sticky":false,"template":"","format":"standard","meta":{"footnotes":""},"categories":[5],"tags":[26],"class_list":["post-375","post","type-post","status-publish","format-standard","has-post-thumbnail","hentry","category-peintres","tag-michele-sauve"],"_links":{"self":[{"href":"http:\/\/www.galerie3f.fr\/paris\/wp-json\/wp\/v2\/posts\/375","targetHints":{"allow":["GET"]}}],"collection":[{"href":"http:\/\/www.galerie3f.fr\/paris\/wp-json\/wp\/v2\/posts"}],"about":[{"href":"http:\/\/www.galerie3f.fr\/paris\/wp-json\/wp\/v2\/types\/post"}],"author":[{"embeddable":true,"href":"http:\/\/www.galerie3f.fr\/paris\/wp-json\/wp\/v2\/users\/1"}],"replies":[{"embeddable":true,"href":"http:\/\/www.galerie3f.fr\/paris\/wp-json\/wp\/v2\/comments?post=375"}],"version-history":[{"count":3,"href":"http:\/\/www.galerie3f.fr\/paris\/wp-json\/wp\/v2\/posts\/375\/revisions"}],"predecessor-version":[{"id":381,"href":"http:\/\/www.galerie3f.fr\/paris\/wp-json\/wp\/v2\/posts\/375\/revisions\/381"}],"wp:featuredmedia":[{"embeddable":true,"href":"http:\/\/www.galerie3f.fr\/paris\/wp-json\/wp\/v2\/media\/369"}],"wp:attachment":[{"href":"http:\/\/www.galerie3f.fr\/paris\/wp-json\/wp\/v2\/media?parent=375"}],"wp:term":[{"taxonomy":"category","embeddable":true,"href":"http:\/\/www.galerie3f.fr\/paris\/wp-json\/wp\/v2\/categories?post=375"},{"taxonomy":"post_tag","embeddable":true,"href":"http:\/\/www.galerie3f.fr\/paris\/wp-json\/wp\/v2\/tags?post=375"}],"curies":[{"name":"wp","href":"https:\/\/api.w.org\/{rel}","templated":true}]}}