{"id":1307,"date":"2022-03-06T17:34:06","date_gmt":"2022-03-06T16:34:06","guid":{"rendered":"http:\/\/www.galerie3f.fr\/paris\/?p=1307"},"modified":"2022-03-06T18:00:33","modified_gmt":"2022-03-06T17:00:33","slug":"marie-eyries","status":"publish","type":"post","link":"https:\/\/www.galerie3f.fr\/paris\/marie-eyries\/","title":{"rendered":"MARIE EYRIES"},"content":{"rendered":"\n<p>Recueil de po\u00e8mes iluustr\u00e9s<\/p>\n\n\n\n<figure class=\"wp-block-image size-large is-resized\"><img loading=\"lazy\" decoding=\"async\" src=\"http:\/\/www.galerie3f.fr\/paris\/wp-content\/uploads\/2022\/03\/marie-eyries-2-1024x768.jpg\" alt=\"\" class=\"wp-image-1312\" width=\"256\" height=\"192\" srcset=\"https:\/\/www.galerie3f.fr\/paris\/wp-content\/uploads\/2022\/03\/marie-eyries-2-1024x768.jpg 1024w, https:\/\/www.galerie3f.fr\/paris\/wp-content\/uploads\/2022\/03\/marie-eyries-2-300x225.jpg 300w, https:\/\/www.galerie3f.fr\/paris\/wp-content\/uploads\/2022\/03\/marie-eyries-2-768x576.jpg 768w, https:\/\/www.galerie3f.fr\/paris\/wp-content\/uploads\/2022\/03\/marie-eyries-2-1536x1152.jpg 1536w, https:\/\/www.galerie3f.fr\/paris\/wp-content\/uploads\/2022\/03\/marie-eyries-2-2048x1536.jpg 2048w, https:\/\/www.galerie3f.fr\/paris\/wp-content\/uploads\/2022\/03\/marie-eyries-2-973x730.jpg 973w, https:\/\/www.galerie3f.fr\/paris\/wp-content\/uploads\/2022\/03\/marie-eyries-2-508x381.jpg 508w\" sizes=\"auto, (max-width: 256px) 100vw, 256px\" \/><\/figure>\n\n\n\n<p>Du 22 au 27 mars 2022<\/p>\n\n\n\n<p><strong>La Th\u00e9ba\u00efde, de sol y tu<\/strong><\/p>\n\n\n\n<p>A la Galerie 3F du 22 au 27 mars 2022<\/p>\n\n\n\n<p>Venez d\u00e9couvrir l\u2019univers de&nbsp;Naomi et Marie, deux amies d\u2019enfance qui auto-\u00e9ditent leur premier livre \u2013 une collaboration entre&nbsp;Paris et Tunis autour d\u2019un recueil de po\u00e8mes illustr\u00e9 et imprim\u00e9 en risographie en \u00e9dition limit\u00e9e.<\/p>\n\n\n\n<p>C\u2019est un projet qui commence il y a trois ans, quand Naomi, l\u2019autrice, fait lire ses vers les plus r\u00e9cents \u00e0 son proche entourage. Tr\u00e8s vite, une id\u00e9e de livre est soulev\u00e9e et Marie se lance dans une r\u00e9alisation graphique m\u00ealant architecture et po\u00e9sie.<\/p>\n\n\n\n<p>Le titre \u00ab&nbsp;La Th\u00e9ba\u00efde&nbsp;\u00bb se r\u00e9f\u00e8re \u00e0 un lieu isol\u00e9 et lointain. Il fait aussi \u00e9cho au d\u00e9sert de l\u2019ancienne ville de Th\u00e8bes et l\u2019\u00e9pop\u00e9e antique d\u2019\u0152dipe. Le th\u00e8me traversant l\u2019\u0153uvre est bel et bien la solitude. Et les illustrations qui accompagnent les po\u00e8mes sont autant de portes ouvertes \u00e0 la contemplation et l\u2019\u00e9vasion. Aucune contrainte que celle des limites de la page, c\u2019est un travail compl\u00e9mentaire abouti et f\u00e9minin.<\/p>\n\n\n\n<p>Un mot sur la technique de risographie qui apporte une qualit\u00e9 graphique et \u00e9l\u00e8ve ainsi l\u2019ouvrage \u00e0 \u0153uvre d\u2019art. La risographie se caract\u00e9rise par une esth\u00e9tique tr\u00e8s particuli\u00e8re et unique qui repose sur la superposition de couleurs. L\u2019impression offre un rendu visuel proche de la s\u00e9rigraphie avec des couleurs intenses et un effet de texture tram\u00e9e.<\/p>\n\n\n\n<p>Enfin, une d\u00e9dicace sp\u00e9ciale se glisse \u00e0 la fin du livre&nbsp;: \u00e0 Danie, une grand-m\u00e8re extraordinaire qui poussent les jeunes femmes dans cette nouvelle aventure ensemble.<\/p>\n\n\n\n<p>Le livre achev\u00e9 d\u2019imprimer en d\u00e9but d\u2019ann\u00e9e, les deux conceptrices voulaient faire partager leur aventure aussi bien \u00e0 Tunis qu\u2019\u00e0 Paris. Une exposition \u00e0 Tunis s\u2019est tenue du 2 au 6 f\u00e9vrier, dans un appartement donnant sur la mer avec projection vid\u00e9o, espace lecture, galerie et vente. Une merveille pour les sens.<\/p>\n\n\n\n<p>Au tour de Paris, venez d\u00e9couvrir cet univers du 22 au 27 mars 2022. Recueils, tableaux, cartes postales, posters seront disponibles en \u00e9dition limit\u00e9e.<\/p>\n\n\n\n<p><a href=\"http:\/\/www.mewsgraphics.com\/\" target=\"_blank\" rel=\"noreferrer noopener\">www.mewsgraphics.com<\/a><\/p>\n\n\n\n<p><a href=\"https:\/\/www.mewsgraphics.com\/la-thebaide\">https:\/\/www.mewsgraphics.com\/la-thebaide<\/a><\/p>\n\n\n\n<figure class=\"wp-block-embed\"><div class=\"wp-block-embed__wrapper\">\nhttps:\/\/www.mewsgraphics.com\/agenda\n<\/div><\/figure>\n","protected":false},"excerpt":{"rendered":"<p>Recueil de po\u00e8mes iluustr\u00e9s Du 22 au 27 mars 2022 La Th\u00e9ba\u00efde, de sol y tu A la Galerie 3F du 22 au 27 mars 2022 Venez d\u00e9couvrir&#8230;<\/p>\n","protected":false},"author":2,"featured_media":1309,"comment_status":"closed","ping_status":"closed","sticky":false,"template":"","format":"standard","meta":{"footnotes":""},"categories":[1],"tags":[],"class_list":["post-1307","post","type-post","status-publish","format-standard","has-post-thumbnail","hentry","category-autres"],"_links":{"self":[{"href":"https:\/\/www.galerie3f.fr\/paris\/wp-json\/wp\/v2\/posts\/1307","targetHints":{"allow":["GET"]}}],"collection":[{"href":"https:\/\/www.galerie3f.fr\/paris\/wp-json\/wp\/v2\/posts"}],"about":[{"href":"https:\/\/www.galerie3f.fr\/paris\/wp-json\/wp\/v2\/types\/post"}],"author":[{"embeddable":true,"href":"https:\/\/www.galerie3f.fr\/paris\/wp-json\/wp\/v2\/users\/2"}],"replies":[{"embeddable":true,"href":"https:\/\/www.galerie3f.fr\/paris\/wp-json\/wp\/v2\/comments?post=1307"}],"version-history":[{"count":5,"href":"https:\/\/www.galerie3f.fr\/paris\/wp-json\/wp\/v2\/posts\/1307\/revisions"}],"predecessor-version":[{"id":1318,"href":"https:\/\/www.galerie3f.fr\/paris\/wp-json\/wp\/v2\/posts\/1307\/revisions\/1318"}],"wp:featuredmedia":[{"embeddable":true,"href":"https:\/\/www.galerie3f.fr\/paris\/wp-json\/wp\/v2\/media\/1309"}],"wp:attachment":[{"href":"https:\/\/www.galerie3f.fr\/paris\/wp-json\/wp\/v2\/media?parent=1307"}],"wp:term":[{"taxonomy":"category","embeddable":true,"href":"https:\/\/www.galerie3f.fr\/paris\/wp-json\/wp\/v2\/categories?post=1307"},{"taxonomy":"post_tag","embeddable":true,"href":"https:\/\/www.galerie3f.fr\/paris\/wp-json\/wp\/v2\/tags?post=1307"}],"curies":[{"name":"wp","href":"https:\/\/api.w.org\/{rel}","templated":true}]}}