{"id":1325,"date":"2022-03-10T18:06:19","date_gmt":"2022-03-10T17:06:19","guid":{"rendered":"http:\/\/www.galerie3f.fr\/paris\/?p=1325"},"modified":"2022-03-10T21:45:55","modified_gmt":"2022-03-10T20:45:55","slug":"laurent-dublin","status":"publish","type":"post","link":"https:\/\/www.galerie3f.fr\/paris\/laurent-dublin\/","title":{"rendered":"LAURENT DUBIN"},"content":{"rendered":"\n<p>Exposition du 28 mars au 03 avril 2022<\/p>\n\n\n\n<p>Photographe depuis 2000, ind\u00e9pendant depuis 2010, mon travail s\u2019adresse principalement aux soci\u00e9t\u00e9s avec lesquelles je collabore \u00e0 leur communication globale : publicit\u00e9, portait, catalogue,&nbsp;reportage, photo, video ou print. L\u2019imagerie a\u00e9rienne par drone et la photogramm\u00e9trie compl\u00e8tent cette offre.<\/p>\n\n\n\n<p>Je collabore avec AmiParis, J\u00e9r\u00f4me Dreyfuss, Jacquemus, Christian Louboutin, Louis Vuitton, 24S\u00e8vres, Renault, Manpower, Le World Food Program de l\u2019ONU (partenariat b\u00e9n\u00e9vole) et de nombreuses municipalit\u00e9s, via diverses agences de communication.<\/p>\n\n\n\n<p>Form\u00e9 tr\u00e8s t\u00f4t au num\u00e9rique et consid\u00e9rant qu\u2019il vient amener un m\u00e9dium suppl\u00e9mentaire au photographe, je n\u2019ai jamais cess\u00e9 d\u2019utiliser l\u2019argentique et surtout le polaroid, mon m\u00e9dium de pr\u00e9dilection.<\/p>\n\n\n\n<p>Le s\u00e9rie pr\u00e9sent\u00e9e ici est compos\u00e9e uniquement d\u2019\u00e9preuves instantan\u00e9es Polaroid, Fujifilm et Impossble qui n\u2019ont pas fonctionn\u00e9. Obturateur cass\u00e9 ou bloqu\u00e9 ouvert, chimie pr\u00e9rim\u00e9e, durcie, ayant trop froid &nbsp;ou chimie en d\u00e9veloppement industriel ! Mais de la lumi\u00e8re sur une surface sensible fini toujours par y faire une image ! Ce sont ces images que je vous propose de d\u00e9couvrir.<\/p>\n","protected":false},"excerpt":{"rendered":"<p>Exposition du 28 mars au 03 avril 2022 Photographe depuis 2000, ind\u00e9pendant depuis 2010, mon travail s\u2019adresse principalement aux soci\u00e9t\u00e9s avec lesquelles je collabore \u00e0 leur communication globale&#8230;<\/p>\n","protected":false},"author":2,"featured_media":1327,"comment_status":"closed","ping_status":"closed","sticky":false,"template":"","format":"standard","meta":{"footnotes":""},"categories":[1],"tags":[],"class_list":["post-1325","post","type-post","status-publish","format-standard","has-post-thumbnail","hentry","category-autres"],"_links":{"self":[{"href":"https:\/\/www.galerie3f.fr\/paris\/wp-json\/wp\/v2\/posts\/1325","targetHints":{"allow":["GET"]}}],"collection":[{"href":"https:\/\/www.galerie3f.fr\/paris\/wp-json\/wp\/v2\/posts"}],"about":[{"href":"https:\/\/www.galerie3f.fr\/paris\/wp-json\/wp\/v2\/types\/post"}],"author":[{"embeddable":true,"href":"https:\/\/www.galerie3f.fr\/paris\/wp-json\/wp\/v2\/users\/2"}],"replies":[{"embeddable":true,"href":"https:\/\/www.galerie3f.fr\/paris\/wp-json\/wp\/v2\/comments?post=1325"}],"version-history":[{"count":2,"href":"https:\/\/www.galerie3f.fr\/paris\/wp-json\/wp\/v2\/posts\/1325\/revisions"}],"predecessor-version":[{"id":1328,"href":"https:\/\/www.galerie3f.fr\/paris\/wp-json\/wp\/v2\/posts\/1325\/revisions\/1328"}],"wp:featuredmedia":[{"embeddable":true,"href":"https:\/\/www.galerie3f.fr\/paris\/wp-json\/wp\/v2\/media\/1327"}],"wp:attachment":[{"href":"https:\/\/www.galerie3f.fr\/paris\/wp-json\/wp\/v2\/media?parent=1325"}],"wp:term":[{"taxonomy":"category","embeddable":true,"href":"https:\/\/www.galerie3f.fr\/paris\/wp-json\/wp\/v2\/categories?post=1325"},{"taxonomy":"post_tag","embeddable":true,"href":"https:\/\/www.galerie3f.fr\/paris\/wp-json\/wp\/v2\/tags?post=1325"}],"curies":[{"name":"wp","href":"https:\/\/api.w.org\/{rel}","templated":true}]}}