{"id":1330,"date":"2022-03-11T10:08:25","date_gmt":"2022-03-11T09:08:25","guid":{"rendered":"http:\/\/www.galerie3f.fr\/paris\/?p=1330"},"modified":"2022-03-11T10:57:41","modified_gmt":"2022-03-11T09:57:41","slug":"lysliane-sergent","status":"publish","type":"post","link":"https:\/\/www.galerie3f.fr\/paris\/lysliane-sergent\/","title":{"rendered":"LYSIANE SERGENT"},"content":{"rendered":"\n<p>Exposition du 28 mars en 03 avril 2022<\/p>\n\n\n\n<figure class=\"wp-block-image size-large\"><img loading=\"lazy\" decoding=\"async\" width=\"778\" height=\"1024\" src=\"http:\/\/www.galerie3f.fr\/paris\/wp-content\/uploads\/2022\/03\/lysli-778x1024.jpg\" alt=\"\" class=\"wp-image-1331\" srcset=\"https:\/\/www.galerie3f.fr\/paris\/wp-content\/uploads\/2022\/03\/lysli-778x1024.jpg 778w, https:\/\/www.galerie3f.fr\/paris\/wp-content\/uploads\/2022\/03\/lysli-228x300.jpg 228w, https:\/\/www.galerie3f.fr\/paris\/wp-content\/uploads\/2022\/03\/lysli-768x1011.jpg 768w, https:\/\/www.galerie3f.fr\/paris\/wp-content\/uploads\/2022\/03\/lysli-1166x1536.jpg 1166w, https:\/\/www.galerie3f.fr\/paris\/wp-content\/uploads\/2022\/03\/lysli-1555x2048.jpg 1555w, https:\/\/www.galerie3f.fr\/paris\/wp-content\/uploads\/2022\/03\/lysli-973x1281.jpg 973w, https:\/\/www.galerie3f.fr\/paris\/wp-content\/uploads\/2022\/03\/lysli-508x669.jpg 508w, https:\/\/www.galerie3f.fr\/paris\/wp-content\/uploads\/2022\/03\/lysli-scaled.jpg 1944w\" sizes=\"auto, (max-width: 778px) 100vw, 778px\" \/><\/figure>\n\n\n\n<p>Tourangelle d\u2019adoption et investie dans l\u2019action publique, je suis \u00e9galement peintre autodidacte, passionn\u00e9e par l\u2019aquarelle, ce m\u00e9dium complexe qui ouvre des perspectives infinies de cr\u00e9ations.<\/p>\n\n\n\n<p>Les cours aux Beaux-arts et aupr\u00e8s de peintres professionnels ont constitu\u00e9 progressivement, ce qu\u2019Eug\u00e8ne DELACROIX appelle \u00ab mon sac de trucs \u00bb.<\/p>\n\n\n\n<p>Mes sujets prennent vie au hasard de mes d\u00e9ambulations, sous le coup d\u2019une \u00e9motion ou d\u2019une lumi\u00e8re singuli\u00e8re. C\u2019est alors que s\u2019ouvrent des parenth\u00e8ses solitaires, o\u00f9 le pr\u00e9sent se dilate.<\/p>\n\n\n\n<p>L\u2019eau et l\u2019encre, de par leur fluidit\u00e9 et impr\u00e9visibilit\u00e9 sont de merveilleuses alli\u00e9es pour s\u2019\u00e9lancer, entre transparence et opacit\u00e9. Le travail \u00e0 partir de pigments purs tels que terre de sienne naturelle, ocre havane, bleu outremer\u2026constitue aussi un terrain d\u2019exp\u00e9rimentations sans cesse renouvel\u00e9es o\u00f9 le geste se couple \u00e0 un imaginaire en \u00e9veil.<\/p>\n\n\n\n<p>Merci \u00e0 toutes celles et ceux qui visiteront la Galerie 3F qui donne \u00e0 voir ce qui m\u2019anime chaque jour un peu plus.<\/p>\n\n\n\n<figure class=\"wp-block-embed is-type-wp-embed is-provider-lysiane-sergent-aquarelliste-tourangelle wp-block-embed-lysiane-sergent-aquarelliste-tourangelle\"><div class=\"wp-block-embed__wrapper\">\nhttps:\/\/lysianesergent.fr\n<\/div><\/figure>\n","protected":false},"excerpt":{"rendered":"<p>Exposition du 28 mars en 03 avril 2022 Tourangelle d\u2019adoption et investie dans l\u2019action publique, je suis \u00e9galement peintre autodidacte, passionn\u00e9e par l\u2019aquarelle, ce m\u00e9dium complexe qui ouvre&#8230;<\/p>\n","protected":false},"author":2,"featured_media":1331,"comment_status":"closed","ping_status":"closed","sticky":false,"template":"","format":"standard","meta":{"footnotes":""},"categories":[1],"tags":[],"class_list":["post-1330","post","type-post","status-publish","format-standard","has-post-thumbnail","hentry","category-autres"],"_links":{"self":[{"href":"https:\/\/www.galerie3f.fr\/paris\/wp-json\/wp\/v2\/posts\/1330","targetHints":{"allow":["GET"]}}],"collection":[{"href":"https:\/\/www.galerie3f.fr\/paris\/wp-json\/wp\/v2\/posts"}],"about":[{"href":"https:\/\/www.galerie3f.fr\/paris\/wp-json\/wp\/v2\/types\/post"}],"author":[{"embeddable":true,"href":"https:\/\/www.galerie3f.fr\/paris\/wp-json\/wp\/v2\/users\/2"}],"replies":[{"embeddable":true,"href":"https:\/\/www.galerie3f.fr\/paris\/wp-json\/wp\/v2\/comments?post=1330"}],"version-history":[{"count":3,"href":"https:\/\/www.galerie3f.fr\/paris\/wp-json\/wp\/v2\/posts\/1330\/revisions"}],"predecessor-version":[{"id":1336,"href":"https:\/\/www.galerie3f.fr\/paris\/wp-json\/wp\/v2\/posts\/1330\/revisions\/1336"}],"wp:featuredmedia":[{"embeddable":true,"href":"https:\/\/www.galerie3f.fr\/paris\/wp-json\/wp\/v2\/media\/1331"}],"wp:attachment":[{"href":"https:\/\/www.galerie3f.fr\/paris\/wp-json\/wp\/v2\/media?parent=1330"}],"wp:term":[{"taxonomy":"category","embeddable":true,"href":"https:\/\/www.galerie3f.fr\/paris\/wp-json\/wp\/v2\/categories?post=1330"},{"taxonomy":"post_tag","embeddable":true,"href":"https:\/\/www.galerie3f.fr\/paris\/wp-json\/wp\/v2\/tags?post=1330"}],"curies":[{"name":"wp","href":"https:\/\/api.w.org\/{rel}","templated":true}]}}