{"id":1347,"date":"2022-03-18T18:57:59","date_gmt":"2022-03-18T17:57:59","guid":{"rendered":"http:\/\/www.galerie3f.fr\/paris\/?p=1347"},"modified":"2022-03-18T19:16:57","modified_gmt":"2022-03-18T18:16:57","slug":"christel-serrano","status":"publish","type":"post","link":"https:\/\/www.galerie3f.fr\/paris\/christel-serrano\/","title":{"rendered":"Christel Serrano"},"content":{"rendered":"\n<p>\u00ab\u00a0Un petit monde susceptible de &#8230;.vous faire sourire\u00a0\u00bb<\/p>\n\n\n\n<p>Exposition du 18 au 24 avril 2022<\/p>\n\n\n\n<p>Christel SERRANO<\/p>\n\n\n\n<p>Peintures-collages Depuis son plus jeune \u00e2ge, Christel Serrano peint des personnages tendres et timides et cr\u00e9e des assemblages de ses trouvailles glan\u00e9es au hasard de ses d\u00e9ambulations dans la ville.<br>Tout un monde d&rsquo;espoir et de po\u00e9sie s&rsquo;offre \u00e0 vous pour peu que l&rsquo;on s&rsquo;y attarde.<br><\/p>\n\n\n\n<figure class=\"wp-block-image size-large\"><img loading=\"lazy\" decoding=\"async\" width=\"806\" height=\"1024\" src=\"http:\/\/www.galerie3f.fr\/paris\/wp-content\/uploads\/2022\/03\/jean-lin-8-806x1024.jpg\" alt=\"\" class=\"wp-image-1367\" srcset=\"https:\/\/www.galerie3f.fr\/paris\/wp-content\/uploads\/2022\/03\/jean-lin-8-806x1024.jpg 806w, https:\/\/www.galerie3f.fr\/paris\/wp-content\/uploads\/2022\/03\/jean-lin-8-236x300.jpg 236w, https:\/\/www.galerie3f.fr\/paris\/wp-content\/uploads\/2022\/03\/jean-lin-8-768x976.jpg 768w, https:\/\/www.galerie3f.fr\/paris\/wp-content\/uploads\/2022\/03\/jean-lin-8-1209x1536.jpg 1209w, https:\/\/www.galerie3f.fr\/paris\/wp-content\/uploads\/2022\/03\/jean-lin-8-1612x2048.jpg 1612w, https:\/\/www.galerie3f.fr\/paris\/wp-content\/uploads\/2022\/03\/jean-lin-8-973x1236.jpg 973w, https:\/\/www.galerie3f.fr\/paris\/wp-content\/uploads\/2022\/03\/jean-lin-8-508x645.jpg 508w, https:\/\/www.galerie3f.fr\/paris\/wp-content\/uploads\/2022\/03\/jean-lin-8.jpg 1691w\" sizes=\"auto, (max-width: 806px) 100vw, 806px\" \/><\/figure>\n\n\n\n<figure class=\"wp-block-image size-large\"><img loading=\"lazy\" decoding=\"async\" width=\"1011\" height=\"1024\" src=\"http:\/\/www.galerie3f.fr\/paris\/wp-content\/uploads\/2022\/03\/jean-lin-4-1011x1024.jpg\" alt=\"\" class=\"wp-image-1348\" srcset=\"https:\/\/www.galerie3f.fr\/paris\/wp-content\/uploads\/2022\/03\/jean-lin-4-1011x1024.jpg 1011w, https:\/\/www.galerie3f.fr\/paris\/wp-content\/uploads\/2022\/03\/jean-lin-4-296x300.jpg 296w, https:\/\/www.galerie3f.fr\/paris\/wp-content\/uploads\/2022\/03\/jean-lin-4-768x778.jpg 768w, https:\/\/www.galerie3f.fr\/paris\/wp-content\/uploads\/2022\/03\/jean-lin-4-1516x1536.jpg 1516w, https:\/\/www.galerie3f.fr\/paris\/wp-content\/uploads\/2022\/03\/jean-lin-4-88x88.jpg 88w, https:\/\/www.galerie3f.fr\/paris\/wp-content\/uploads\/2022\/03\/jean-lin-4-973x986.jpg 973w, https:\/\/www.galerie3f.fr\/paris\/wp-content\/uploads\/2022\/03\/jean-lin-4-508x515.jpg 508w, https:\/\/www.galerie3f.fr\/paris\/wp-content\/uploads\/2022\/03\/jean-lin-4.jpg 1782w\" sizes=\"auto, (max-width: 1011px) 100vw, 1011px\" \/><\/figure>\n\n\n\n<p><a href=\"http:\/\/www.alapetitegalerie.com\">http:\/\/www.alapetitegalerie.com<\/a><\/p>\n","protected":false},"excerpt":{"rendered":"<p>\u00ab\u00a0Un petit monde susceptible de &#8230;.vous faire sourire\u00a0\u00bb Exposition du 18 au 24 avril 2022 Christel SERRANO Peintures-collages Depuis son plus jeune \u00e2ge, Christel Serrano peint des personnages&#8230;<\/p>\n","protected":false},"author":2,"featured_media":1340,"comment_status":"closed","ping_status":"closed","sticky":false,"template":"","format":"standard","meta":{"footnotes":""},"categories":[1],"tags":[],"class_list":["post-1347","post","type-post","status-publish","format-standard","has-post-thumbnail","hentry","category-autres"],"_links":{"self":[{"href":"https:\/\/www.galerie3f.fr\/paris\/wp-json\/wp\/v2\/posts\/1347","targetHints":{"allow":["GET"]}}],"collection":[{"href":"https:\/\/www.galerie3f.fr\/paris\/wp-json\/wp\/v2\/posts"}],"about":[{"href":"https:\/\/www.galerie3f.fr\/paris\/wp-json\/wp\/v2\/types\/post"}],"author":[{"embeddable":true,"href":"https:\/\/www.galerie3f.fr\/paris\/wp-json\/wp\/v2\/users\/2"}],"replies":[{"embeddable":true,"href":"https:\/\/www.galerie3f.fr\/paris\/wp-json\/wp\/v2\/comments?post=1347"}],"version-history":[{"count":5,"href":"https:\/\/www.galerie3f.fr\/paris\/wp-json\/wp\/v2\/posts\/1347\/revisions"}],"predecessor-version":[{"id":1368,"href":"https:\/\/www.galerie3f.fr\/paris\/wp-json\/wp\/v2\/posts\/1347\/revisions\/1368"}],"wp:featuredmedia":[{"embeddable":true,"href":"https:\/\/www.galerie3f.fr\/paris\/wp-json\/wp\/v2\/media\/1340"}],"wp:attachment":[{"href":"https:\/\/www.galerie3f.fr\/paris\/wp-json\/wp\/v2\/media?parent=1347"}],"wp:term":[{"taxonomy":"category","embeddable":true,"href":"https:\/\/www.galerie3f.fr\/paris\/wp-json\/wp\/v2\/categories?post=1347"},{"taxonomy":"post_tag","embeddable":true,"href":"https:\/\/www.galerie3f.fr\/paris\/wp-json\/wp\/v2\/tags?post=1347"}],"curies":[{"name":"wp","href":"https:\/\/api.w.org\/{rel}","templated":true}]}}