{"id":2030,"date":"2024-04-19T17:57:35","date_gmt":"2024-04-19T15:57:35","guid":{"rendered":"http:\/\/www.galerie3f.fr\/paris\/?p=2030"},"modified":"2024-04-25T13:37:01","modified_gmt":"2024-04-25T11:37:01","slug":"kam-wam-yan","status":"publish","type":"post","link":"https:\/\/www.galerie3f.fr\/paris\/kam-wam-yan\/","title":{"rendered":"KAM-WAH-YAN"},"content":{"rendered":"\n<p>Exposition de 02 au 08 septembre avec Isabelle JOYAUX<\/p>\n\n\n\n<p>&#8230;&#8230;.<\/p>\n\n\n\n<p><strong>KAM-WAH YAN e<\/strong>st n\u00e9 \u00e0 Hong-Kong, \u00e0 l\u2019\u00e9poque du mandat britannique.IL est dipl\u00f4m\u00e9 de l\u2019\u00e9cole d\u2019arts graphiques Linghai Art School, \u00e0 ensuite int\u00e9gr\u00e9 l\u2019ENSBA de Paris en section Dessin.<\/p>\n\n\n\n<p>Parvenant \u00e0 travers une longue pratique artistique o\u00f9 domine l\u2019usage de l\u2019aquarelle et de l\u2019encre sur papier \u00e0 une osmose entre la tradition plastique occidentale et l\u2019art du trait (de la ligne toujours!) propre \u00e0 la tradition chinoise, il continue spontan\u00e9ment d\u2019explorer cette voie, faite de vigueur et de ma\u00eetrise.<\/p>\n\n\n\n<p>&nbsp;La s\u00e9rie qui doit \u00eatre pr\u00e9sent\u00e9e \u00e0 l\u2019exposition a \u00e9t\u00e9 r\u00e9alis\u00e9e durant le confinement, p\u00e9riode o\u00f9 nous avons litt\u00e9ralement travers\u00e9 le miroir et exprime toute la palette des sentiments ressentis alors, par la gestuelle de l\u2019encre, le souffle du trait qui s\u2019envole \u00e0 son aise sur les formats raisins<\/p>\n\n\n\n<p>.<a href=\"https:\/\/kamwahyan.com\/\">https:\/\/kamwahyan.com\/<\/a><\/p>\n\n\n\n<p>Instagram yankamwah<\/p>\n\n\n\n<figure class=\"wp-block-image size-large\"><img loading=\"lazy\" decoding=\"async\" width=\"768\" height=\"1024\" src=\"http:\/\/www.galerie3f.fr\/paris\/wp-content\/uploads\/2024\/04\/wam-1-768x1024.jpg\" alt=\"\" class=\"wp-image-2031\" srcset=\"https:\/\/www.galerie3f.fr\/paris\/wp-content\/uploads\/2024\/04\/wam-1-768x1024.jpg 768w, https:\/\/www.galerie3f.fr\/paris\/wp-content\/uploads\/2024\/04\/wam-1-225x300.jpg 225w, https:\/\/www.galerie3f.fr\/paris\/wp-content\/uploads\/2024\/04\/wam-1-1152x1536.jpg 1152w, https:\/\/www.galerie3f.fr\/paris\/wp-content\/uploads\/2024\/04\/wam-1-1537x2048.jpg 1537w, https:\/\/www.galerie3f.fr\/paris\/wp-content\/uploads\/2024\/04\/wam-1-973x1297.jpg 973w, https:\/\/www.galerie3f.fr\/paris\/wp-content\/uploads\/2024\/04\/wam-1-508x677.jpg 508w, https:\/\/www.galerie3f.fr\/paris\/wp-content\/uploads\/2024\/04\/wam-1-scaled.jpg 1921w\" sizes=\"auto, (max-width: 768px) 100vw, 768px\" \/><\/figure>\n\n\n\n<figure class=\"wp-block-image size-large\"><img loading=\"lazy\" decoding=\"async\" width=\"1024\" height=\"768\" src=\"http:\/\/www.galerie3f.fr\/paris\/wp-content\/uploads\/2024\/04\/wam-3-1024x768.jpg\" alt=\"\" class=\"wp-image-2034\" srcset=\"https:\/\/www.galerie3f.fr\/paris\/wp-content\/uploads\/2024\/04\/wam-3-1024x768.jpg 1024w, https:\/\/www.galerie3f.fr\/paris\/wp-content\/uploads\/2024\/04\/wam-3-300x225.jpg 300w, https:\/\/www.galerie3f.fr\/paris\/wp-content\/uploads\/2024\/04\/wam-3-768x576.jpg 768w, https:\/\/www.galerie3f.fr\/paris\/wp-content\/uploads\/2024\/04\/wam-3-1536x1152.jpg 1536w, https:\/\/www.galerie3f.fr\/paris\/wp-content\/uploads\/2024\/04\/wam-3-2048x1536.jpg 2048w, https:\/\/www.galerie3f.fr\/paris\/wp-content\/uploads\/2024\/04\/wam-3-973x730.jpg 973w, https:\/\/www.galerie3f.fr\/paris\/wp-content\/uploads\/2024\/04\/wam-3-508x381.jpg 508w\" sizes=\"auto, (max-width: 1024px) 100vw, 1024px\" \/><\/figure>\n\n\n\n<p><\/p>\n\n\n\n<figure class=\"wp-block-image size-large\"><img loading=\"lazy\" decoding=\"async\" width=\"1024\" height=\"780\" src=\"http:\/\/www.galerie3f.fr\/paris\/wp-content\/uploads\/2024\/04\/wam-4-1024x780.jpg\" alt=\"\" class=\"wp-image-2036\" srcset=\"https:\/\/www.galerie3f.fr\/paris\/wp-content\/uploads\/2024\/04\/wam-4-1024x780.jpg 1024w, https:\/\/www.galerie3f.fr\/paris\/wp-content\/uploads\/2024\/04\/wam-4-300x228.jpg 300w, https:\/\/www.galerie3f.fr\/paris\/wp-content\/uploads\/2024\/04\/wam-4-768x585.jpg 768w, https:\/\/www.galerie3f.fr\/paris\/wp-content\/uploads\/2024\/04\/wam-4-1536x1169.jpg 1536w, https:\/\/www.galerie3f.fr\/paris\/wp-content\/uploads\/2024\/04\/wam-4-2048x1559.jpg 2048w, https:\/\/www.galerie3f.fr\/paris\/wp-content\/uploads\/2024\/04\/wam-4-973x741.jpg 973w, https:\/\/www.galerie3f.fr\/paris\/wp-content\/uploads\/2024\/04\/wam-4-508x387.jpg 508w\" sizes=\"auto, (max-width: 1024px) 100vw, 1024px\" \/><figcaption class=\"wp-element-caption\">qrf<\/figcaption><\/figure>\n","protected":false},"excerpt":{"rendered":"<p>Exposition de 02 au 08 septembre avec Isabelle JOYAUX &#8230;&#8230;. KAM-WAH YAN est n\u00e9 \u00e0 Hong-Kong, \u00e0 l\u2019\u00e9poque du mandat britannique.IL est dipl\u00f4m\u00e9 de l\u2019\u00e9cole d\u2019arts graphiques Linghai&#8230;<\/p>\n","protected":false},"author":2,"featured_media":2039,"comment_status":"closed","ping_status":"closed","sticky":false,"template":"","format":"standard","meta":{"footnotes":""},"categories":[1],"tags":[],"class_list":["post-2030","post","type-post","status-publish","format-standard","has-post-thumbnail","hentry","category-autres"],"_links":{"self":[{"href":"https:\/\/www.galerie3f.fr\/paris\/wp-json\/wp\/v2\/posts\/2030","targetHints":{"allow":["GET"]}}],"collection":[{"href":"https:\/\/www.galerie3f.fr\/paris\/wp-json\/wp\/v2\/posts"}],"about":[{"href":"https:\/\/www.galerie3f.fr\/paris\/wp-json\/wp\/v2\/types\/post"}],"author":[{"embeddable":true,"href":"https:\/\/www.galerie3f.fr\/paris\/wp-json\/wp\/v2\/users\/2"}],"replies":[{"embeddable":true,"href":"https:\/\/www.galerie3f.fr\/paris\/wp-json\/wp\/v2\/comments?post=2030"}],"version-history":[{"count":9,"href":"https:\/\/www.galerie3f.fr\/paris\/wp-json\/wp\/v2\/posts\/2030\/revisions"}],"predecessor-version":[{"id":2063,"href":"https:\/\/www.galerie3f.fr\/paris\/wp-json\/wp\/v2\/posts\/2030\/revisions\/2063"}],"wp:featuredmedia":[{"embeddable":true,"href":"https:\/\/www.galerie3f.fr\/paris\/wp-json\/wp\/v2\/media\/2039"}],"wp:attachment":[{"href":"https:\/\/www.galerie3f.fr\/paris\/wp-json\/wp\/v2\/media?parent=2030"}],"wp:term":[{"taxonomy":"category","embeddable":true,"href":"https:\/\/www.galerie3f.fr\/paris\/wp-json\/wp\/v2\/categories?post=2030"},{"taxonomy":"post_tag","embeddable":true,"href":"https:\/\/www.galerie3f.fr\/paris\/wp-json\/wp\/v2\/tags?post=2030"}],"curies":[{"name":"wp","href":"https:\/\/api.w.org\/{rel}","templated":true}]}}