{"id":2068,"date":"2024-05-04T09:24:36","date_gmt":"2024-05-04T07:24:36","guid":{"rendered":"http:\/\/www.galerie3f.fr\/paris\/?p=2068"},"modified":"2024-05-04T09:28:58","modified_gmt":"2024-05-04T07:28:58","slug":"jaime-tafoya","status":"publish","type":"post","link":"https:\/\/www.galerie3f.fr\/paris\/jaime-tafoya\/","title":{"rendered":"JAIME TAFOYA"},"content":{"rendered":"\n<p>Exposition du 28 octobre au 03 novembre 2024 <\/p>\n\n\n\n<p>Jaime TAFOYA vous invite \u00e0 partager sa d\u00e9marche de repr\u00e9sentation en peinture du tragique \u00e9v\u00e9nement de l\u2019incendie de Notre-Dame de Paris survenu il y a cinq ans d\u00e9j\u00e0, les 15 et 16 avril 2019.<\/p>\n\n\n\n<p>Pr\u00e9texte pour une expression plastique, mais aussi prise de conscience de l&rsquo;\u00e9ph\u00e9m\u00e8re de toute chose&nbsp;\u2014 aussi belle et v\u00e9n\u00e9rable soit-elle.<\/p>\n\n\n\n<p>Avec 15 vues-tableaux dudit incendie, exposition du 28 octobre au 3 novembre 2024 \u00e0 la\u00a0<strong>Galerie 3F<\/strong>, 58 rue des Trois-Fr\u00e8res, 75018 Paris   <a href=\"https:\/\/www.jaimetafoya.com\/\">https:\/\/www.jaimetafoya.com\/<\/a><\/p>\n\n\n\n<figure class=\"wp-block-image size-full is-resized\"><img loading=\"lazy\" decoding=\"async\" width=\"234\" height=\"320\" src=\"http:\/\/www.galerie3f.fr\/paris\/wp-content\/uploads\/2024\/05\/taf-1.jpg\" alt=\"\" class=\"wp-image-2069\" style=\"width:634px;height:auto\" srcset=\"https:\/\/www.galerie3f.fr\/paris\/wp-content\/uploads\/2024\/05\/taf-1.jpg 234w, https:\/\/www.galerie3f.fr\/paris\/wp-content\/uploads\/2024\/05\/taf-1-219x300.jpg 219w\" sizes=\"auto, (max-width: 234px) 100vw, 234px\" \/><\/figure>\n","protected":false},"excerpt":{"rendered":"<p>Exposition du 28 octobre au 03 novembre 2024 Jaime TAFOYA vous invite \u00e0 partager sa d\u00e9marche de repr\u00e9sentation en peinture du tragique \u00e9v\u00e9nement de l\u2019incendie de Notre-Dame de&#8230;<\/p>\n","protected":false},"author":2,"featured_media":2071,"comment_status":"closed","ping_status":"closed","sticky":false,"template":"","format":"standard","meta":{"footnotes":""},"categories":[1],"tags":[],"class_list":["post-2068","post","type-post","status-publish","format-standard","has-post-thumbnail","hentry","category-autres"],"_links":{"self":[{"href":"https:\/\/www.galerie3f.fr\/paris\/wp-json\/wp\/v2\/posts\/2068","targetHints":{"allow":["GET"]}}],"collection":[{"href":"https:\/\/www.galerie3f.fr\/paris\/wp-json\/wp\/v2\/posts"}],"about":[{"href":"https:\/\/www.galerie3f.fr\/paris\/wp-json\/wp\/v2\/types\/post"}],"author":[{"embeddable":true,"href":"https:\/\/www.galerie3f.fr\/paris\/wp-json\/wp\/v2\/users\/2"}],"replies":[{"embeddable":true,"href":"https:\/\/www.galerie3f.fr\/paris\/wp-json\/wp\/v2\/comments?post=2068"}],"version-history":[{"count":4,"href":"https:\/\/www.galerie3f.fr\/paris\/wp-json\/wp\/v2\/posts\/2068\/revisions"}],"predecessor-version":[{"id":2076,"href":"https:\/\/www.galerie3f.fr\/paris\/wp-json\/wp\/v2\/posts\/2068\/revisions\/2076"}],"wp:featuredmedia":[{"embeddable":true,"href":"https:\/\/www.galerie3f.fr\/paris\/wp-json\/wp\/v2\/media\/2071"}],"wp:attachment":[{"href":"https:\/\/www.galerie3f.fr\/paris\/wp-json\/wp\/v2\/media?parent=2068"}],"wp:term":[{"taxonomy":"category","embeddable":true,"href":"https:\/\/www.galerie3f.fr\/paris\/wp-json\/wp\/v2\/categories?post=2068"},{"taxonomy":"post_tag","embeddable":true,"href":"https:\/\/www.galerie3f.fr\/paris\/wp-json\/wp\/v2\/tags?post=2068"}],"curies":[{"name":"wp","href":"https:\/\/api.w.org\/{rel}","templated":true}]}}