{"id":2078,"date":"2024-05-25T20:13:24","date_gmt":"2024-05-25T18:13:24","guid":{"rendered":"http:\/\/www.galerie3f.fr\/paris\/?p=2078"},"modified":"2024-05-25T20:38:19","modified_gmt":"2024-05-25T18:38:19","slug":"citronelle","status":"publish","type":"post","link":"https:\/\/www.galerie3f.fr\/paris\/citronelle\/","title":{"rendered":"Citronelle DUFAY et Peter KEYSER"},"content":{"rendered":"\n<p>Exposition du 3 au 9 juin 2024<\/p>\n\n\n\n<p>PATATINE<br>Exposition de dessins\/cellulogravures de Citronelle Dufay et<br>photographies de Peter Keyser.<br>Apr\u00e8s Fantasma en mars 2021, pour ma deuxi\u00e8me exposition \u00e0 la<br>Galerie 3F, je continue de tirer le fil, de d\u00e9nouer mes r\u00eaves.<br>\u00ab Dans le sommeil, on trie les souvenirs \u00bb \u00e9crit Bergson.<br>Les personnages et les objets se superposent, jouent avec les \u00e9chelles.<br>La perspective se tord, et mille d\u00e9tails grouillent dans l\u2019image.<br>Mon pote Peter Keyser photographe, s\u2019associe \u00e0 moi pour cette<br>exposition avec un travail personnel dans lequel il cherche \u00e0 enregistrer,<br>\u00e0 documenter la beaut\u00e9 de nos quotidiens. Sur certaines de ses<br>photographies, nous jouons une partition \u00e0 quatre mains.<\/p>\n\n\n\n<figure class=\"wp-block-image size-large\"><img loading=\"lazy\" decoding=\"async\" width=\"1024\" height=\"769\" src=\"http:\/\/www.galerie3f.fr\/paris\/wp-content\/uploads\/2024\/05\/citronelle-1-1024x769.jpeg\" alt=\"\" class=\"wp-image-2079\" srcset=\"https:\/\/www.galerie3f.fr\/paris\/wp-content\/uploads\/2024\/05\/citronelle-1-1024x769.jpeg 1024w, https:\/\/www.galerie3f.fr\/paris\/wp-content\/uploads\/2024\/05\/citronelle-1-300x225.jpeg 300w, https:\/\/www.galerie3f.fr\/paris\/wp-content\/uploads\/2024\/05\/citronelle-1-768x577.jpeg 768w, https:\/\/www.galerie3f.fr\/paris\/wp-content\/uploads\/2024\/05\/citronelle-1-1536x1153.jpeg 1536w, https:\/\/www.galerie3f.fr\/paris\/wp-content\/uploads\/2024\/05\/citronelle-1-2048x1538.jpeg 2048w, https:\/\/www.galerie3f.fr\/paris\/wp-content\/uploads\/2024\/05\/citronelle-1-973x730.jpeg 973w, https:\/\/www.galerie3f.fr\/paris\/wp-content\/uploads\/2024\/05\/citronelle-1-508x381.jpeg 508w\" sizes=\"auto, (max-width: 1024px) 100vw, 1024px\" \/><\/figure>\n\n\n\n<figure class=\"wp-block-image size-full\"><img loading=\"lazy\" decoding=\"async\" width=\"601\" height=\"481\" src=\"http:\/\/www.galerie3f.fr\/paris\/wp-content\/uploads\/2024\/05\/citronelle-3.jpeg\" alt=\"\" class=\"wp-image-2085\" srcset=\"https:\/\/www.galerie3f.fr\/paris\/wp-content\/uploads\/2024\/05\/citronelle-3.jpeg 601w, https:\/\/www.galerie3f.fr\/paris\/wp-content\/uploads\/2024\/05\/citronelle-3-300x240.jpeg 300w, https:\/\/www.galerie3f.fr\/paris\/wp-content\/uploads\/2024\/05\/citronelle-3-508x407.jpeg 508w\" sizes=\"auto, (max-width: 601px) 100vw, 601px\" \/><\/figure>\n\n\n\n<figure class=\"wp-block-image size-large\"><img loading=\"lazy\" decoding=\"async\" width=\"1024\" height=\"686\" src=\"http:\/\/www.galerie3f.fr\/paris\/wp-content\/uploads\/2024\/05\/citronelle-4-1024x686.jpeg\" alt=\"\" class=\"wp-image-2089\" srcset=\"https:\/\/www.galerie3f.fr\/paris\/wp-content\/uploads\/2024\/05\/citronelle-4-1024x686.jpeg 1024w, https:\/\/www.galerie3f.fr\/paris\/wp-content\/uploads\/2024\/05\/citronelle-4-300x201.jpeg 300w, https:\/\/www.galerie3f.fr\/paris\/wp-content\/uploads\/2024\/05\/citronelle-4-768x515.jpeg 768w, https:\/\/www.galerie3f.fr\/paris\/wp-content\/uploads\/2024\/05\/citronelle-4-1536x1029.jpeg 1536w, https:\/\/www.galerie3f.fr\/paris\/wp-content\/uploads\/2024\/05\/citronelle-4-973x652.jpeg 973w, https:\/\/www.galerie3f.fr\/paris\/wp-content\/uploads\/2024\/05\/citronelle-4-508x340.jpeg 508w, https:\/\/www.galerie3f.fr\/paris\/wp-content\/uploads\/2024\/05\/citronelle-4.jpeg 1704w\" sizes=\"auto, (max-width: 1024px) 100vw, 1024px\" \/><\/figure>\n","protected":false},"excerpt":{"rendered":"<p>Exposition du 3 au 9 juin 2024 PATATINEExposition de dessins\/cellulogravures de Citronelle Dufay etphotographies de Peter Keyser.Apr\u00e8s Fantasma en mars 2021, pour ma deuxi\u00e8me exposition \u00e0 laGalerie 3F,&#8230;<\/p>\n","protected":false},"author":2,"featured_media":2083,"comment_status":"closed","ping_status":"closed","sticky":false,"template":"","format":"standard","meta":{"footnotes":""},"categories":[1],"tags":[],"class_list":["post-2078","post","type-post","status-publish","format-standard","has-post-thumbnail","hentry","category-autres"],"_links":{"self":[{"href":"https:\/\/www.galerie3f.fr\/paris\/wp-json\/wp\/v2\/posts\/2078","targetHints":{"allow":["GET"]}}],"collection":[{"href":"https:\/\/www.galerie3f.fr\/paris\/wp-json\/wp\/v2\/posts"}],"about":[{"href":"https:\/\/www.galerie3f.fr\/paris\/wp-json\/wp\/v2\/types\/post"}],"author":[{"embeddable":true,"href":"https:\/\/www.galerie3f.fr\/paris\/wp-json\/wp\/v2\/users\/2"}],"replies":[{"embeddable":true,"href":"https:\/\/www.galerie3f.fr\/paris\/wp-json\/wp\/v2\/comments?post=2078"}],"version-history":[{"count":4,"href":"https:\/\/www.galerie3f.fr\/paris\/wp-json\/wp\/v2\/posts\/2078\/revisions"}],"predecessor-version":[{"id":2090,"href":"https:\/\/www.galerie3f.fr\/paris\/wp-json\/wp\/v2\/posts\/2078\/revisions\/2090"}],"wp:featuredmedia":[{"embeddable":true,"href":"https:\/\/www.galerie3f.fr\/paris\/wp-json\/wp\/v2\/media\/2083"}],"wp:attachment":[{"href":"https:\/\/www.galerie3f.fr\/paris\/wp-json\/wp\/v2\/media?parent=2078"}],"wp:term":[{"taxonomy":"category","embeddable":true,"href":"https:\/\/www.galerie3f.fr\/paris\/wp-json\/wp\/v2\/categories?post=2078"},{"taxonomy":"post_tag","embeddable":true,"href":"https:\/\/www.galerie3f.fr\/paris\/wp-json\/wp\/v2\/tags?post=2078"}],"curies":[{"name":"wp","href":"https:\/\/api.w.org\/{rel}","templated":true}]}}