{"id":2091,"date":"2024-06-02T07:24:51","date_gmt":"2024-06-02T05:24:51","guid":{"rendered":"http:\/\/www.galerie3f.fr\/paris\/?p=2091"},"modified":"2024-06-02T11:24:37","modified_gmt":"2024-06-02T09:24:37","slug":"alexandra-breznay-2","status":"publish","type":"post","link":"https:\/\/www.galerie3f.fr\/paris\/alexandra-breznay-2\/","title":{"rendered":"ALEXANDRA BREZNAY"},"content":{"rendered":"\n<p>Exposition de photos et de gravures du 18 au 24 novembre 2024<\/p>\n\n\n\n<p>L\u2019exposition propose un voyage au fil des paysages et visages de l\u2019Inde du Sud et du Sri Lanka.<\/p>\n\n\n\n<p>Alexandra Breznay est une &nbsp;photographe et artiste visuelle dipl\u00f4m\u00e9e de l\u2019International Center of Photography et de Sciences Po Paris, elle est repr\u00e9sent\u00e9e par l\u2019agence Hans Lucas et fait partie de l\u2019agence R.\u00c9.A.<\/p>\n\n\n\n<p>Elle poursuit une vision po\u00e9tique de la photographie documentaire et son regard est attir\u00e9 par des moments d\u2019entre-deux.<\/p>\n\n\n\n<p>Elle d\u00e9veloppe \u00e9galement un travail de gravure qui se distingue par un trait libre \u00e0 travers des figures oniriques<\/p>\n\n\n\n<p>.<a href=\"http:\/\/www.alexandrabreznay.com\/\">http:\/\/www.alexandrabreznay.com\/<\/a><\/p>\n\n\n\n<p><a href=\"https:\/\/www.alexandrabreznaydrawings.com\/\">https:\/\/www.alexandrabreznaydrawings.com\/<\/a><\/p>\n\n\n\n<p><\/p>\n\n\n\n<p><\/p>\n\n\n\n<figure class=\"wp-block-image size-large\"><img loading=\"lazy\" decoding=\"async\" width=\"1024\" height=\"686\" src=\"http:\/\/www.galerie3f.fr\/paris\/wp-content\/uploads\/2024\/06\/alex-3-ind-1024x686.jpg\" alt=\"\" class=\"wp-image-2092\" srcset=\"https:\/\/www.galerie3f.fr\/paris\/wp-content\/uploads\/2024\/06\/alex-3-ind-1024x686.jpg 1024w, https:\/\/www.galerie3f.fr\/paris\/wp-content\/uploads\/2024\/06\/alex-3-ind-300x201.jpg 300w, https:\/\/www.galerie3f.fr\/paris\/wp-content\/uploads\/2024\/06\/alex-3-ind-768x515.jpg 768w, https:\/\/www.galerie3f.fr\/paris\/wp-content\/uploads\/2024\/06\/alex-3-ind-1536x1029.jpg 1536w, https:\/\/www.galerie3f.fr\/paris\/wp-content\/uploads\/2024\/06\/alex-3-ind-2048x1372.jpg 2048w, https:\/\/www.galerie3f.fr\/paris\/wp-content\/uploads\/2024\/06\/alex-3-ind-973x652.jpg 973w, https:\/\/www.galerie3f.fr\/paris\/wp-content\/uploads\/2024\/06\/alex-3-ind-508x340.jpg 508w\" sizes=\"auto, (max-width: 1024px) 100vw, 1024px\" \/><\/figure>\n\n\n\n<p><\/p>\n\n\n\n<figure class=\"wp-block-image size-large\"><img loading=\"lazy\" decoding=\"async\" width=\"686\" height=\"1024\" src=\"http:\/\/www.galerie3f.fr\/paris\/wp-content\/uploads\/2024\/06\/alex-2-ind-686x1024.jpg\" alt=\"\" class=\"wp-image-2096\" srcset=\"https:\/\/www.galerie3f.fr\/paris\/wp-content\/uploads\/2024\/06\/alex-2-ind-686x1024.jpg 686w, https:\/\/www.galerie3f.fr\/paris\/wp-content\/uploads\/2024\/06\/alex-2-ind-201x300.jpg 201w, https:\/\/www.galerie3f.fr\/paris\/wp-content\/uploads\/2024\/06\/alex-2-ind-768x1146.jpg 768w, https:\/\/www.galerie3f.fr\/paris\/wp-content\/uploads\/2024\/06\/alex-2-ind-1029x1536.jpg 1029w, https:\/\/www.galerie3f.fr\/paris\/wp-content\/uploads\/2024\/06\/alex-2-ind-1372x2048.jpg 1372w, https:\/\/www.galerie3f.fr\/paris\/wp-content\/uploads\/2024\/06\/alex-2-ind-973x1452.jpg 973w, https:\/\/www.galerie3f.fr\/paris\/wp-content\/uploads\/2024\/06\/alex-2-ind-508x758.jpg 508w, https:\/\/www.galerie3f.fr\/paris\/wp-content\/uploads\/2024\/06\/alex-2-ind-scaled.jpg 1715w\" sizes=\"auto, (max-width: 686px) 100vw, 686px\" \/><\/figure>\n\n\n\n<p><\/p>\n\n\n\n<figure class=\"wp-block-image size-large\"><img loading=\"lazy\" decoding=\"async\" width=\"686\" height=\"1024\" src=\"http:\/\/www.galerie3f.fr\/paris\/wp-content\/uploads\/2024\/06\/alex-5-ind-686x1024.jpg\" alt=\"\" class=\"wp-image-2097\" srcset=\"https:\/\/www.galerie3f.fr\/paris\/wp-content\/uploads\/2024\/06\/alex-5-ind-686x1024.jpg 686w, https:\/\/www.galerie3f.fr\/paris\/wp-content\/uploads\/2024\/06\/alex-5-ind-201x300.jpg 201w, https:\/\/www.galerie3f.fr\/paris\/wp-content\/uploads\/2024\/06\/alex-5-ind-768x1146.jpg 768w, https:\/\/www.galerie3f.fr\/paris\/wp-content\/uploads\/2024\/06\/alex-5-ind-1029x1536.jpg 1029w, https:\/\/www.galerie3f.fr\/paris\/wp-content\/uploads\/2024\/06\/alex-5-ind-1372x2048.jpg 1372w, https:\/\/www.galerie3f.fr\/paris\/wp-content\/uploads\/2024\/06\/alex-5-ind-973x1452.jpg 973w, https:\/\/www.galerie3f.fr\/paris\/wp-content\/uploads\/2024\/06\/alex-5-ind-508x758.jpg 508w, https:\/\/www.galerie3f.fr\/paris\/wp-content\/uploads\/2024\/06\/alex-5-ind-scaled.jpg 1715w\" sizes=\"auto, (max-width: 686px) 100vw, 686px\" \/><\/figure>\n\n\n\n<figure class=\"wp-block-image size-large\"><img loading=\"lazy\" decoding=\"async\" width=\"1024\" height=\"1024\" src=\"http:\/\/www.galerie3f.fr\/paris\/wp-content\/uploads\/2024\/06\/alaexandra1-1024x1024.jpg\" alt=\"\" class=\"wp-image-2098\" srcset=\"https:\/\/www.galerie3f.fr\/paris\/wp-content\/uploads\/2024\/06\/alaexandra1-1024x1024.jpg 1024w, https:\/\/www.galerie3f.fr\/paris\/wp-content\/uploads\/2024\/06\/alaexandra1-300x300.jpg 300w, https:\/\/www.galerie3f.fr\/paris\/wp-content\/uploads\/2024\/06\/alaexandra1-150x150.jpg 150w, https:\/\/www.galerie3f.fr\/paris\/wp-content\/uploads\/2024\/06\/alaexandra1-768x768.jpg 768w, https:\/\/www.galerie3f.fr\/paris\/wp-content\/uploads\/2024\/06\/alaexandra1-1536x1536.jpg 1536w, https:\/\/www.galerie3f.fr\/paris\/wp-content\/uploads\/2024\/06\/alaexandra1-88x88.jpg 88w, https:\/\/www.galerie3f.fr\/paris\/wp-content\/uploads\/2024\/06\/alaexandra1-973x973.jpg 973w, https:\/\/www.galerie3f.fr\/paris\/wp-content\/uploads\/2024\/06\/alaexandra1-508x508.jpg 508w, https:\/\/www.galerie3f.fr\/paris\/wp-content\/uploads\/2024\/06\/alaexandra1.jpg 2048w\" sizes=\"auto, (max-width: 1024px) 100vw, 1024px\" \/><\/figure>\n","protected":false},"excerpt":{"rendered":"<p>Exposition de photos et de gravures du 18 au 24 novembre 2024 L\u2019exposition propose un voyage au fil des paysages et visages de l\u2019Inde du Sud et du&#8230;<\/p>\n","protected":false},"author":2,"featured_media":2094,"comment_status":"closed","ping_status":"closed","sticky":false,"template":"","format":"standard","meta":{"footnotes":""},"categories":[1],"tags":[],"class_list":["post-2091","post","type-post","status-publish","format-standard","has-post-thumbnail","hentry","category-autres"],"_links":{"self":[{"href":"https:\/\/www.galerie3f.fr\/paris\/wp-json\/wp\/v2\/posts\/2091","targetHints":{"allow":["GET"]}}],"collection":[{"href":"https:\/\/www.galerie3f.fr\/paris\/wp-json\/wp\/v2\/posts"}],"about":[{"href":"https:\/\/www.galerie3f.fr\/paris\/wp-json\/wp\/v2\/types\/post"}],"author":[{"embeddable":true,"href":"https:\/\/www.galerie3f.fr\/paris\/wp-json\/wp\/v2\/users\/2"}],"replies":[{"embeddable":true,"href":"https:\/\/www.galerie3f.fr\/paris\/wp-json\/wp\/v2\/comments?post=2091"}],"version-history":[{"count":7,"href":"https:\/\/www.galerie3f.fr\/paris\/wp-json\/wp\/v2\/posts\/2091\/revisions"}],"predecessor-version":[{"id":2106,"href":"https:\/\/www.galerie3f.fr\/paris\/wp-json\/wp\/v2\/posts\/2091\/revisions\/2106"}],"wp:featuredmedia":[{"embeddable":true,"href":"https:\/\/www.galerie3f.fr\/paris\/wp-json\/wp\/v2\/media\/2094"}],"wp:attachment":[{"href":"https:\/\/www.galerie3f.fr\/paris\/wp-json\/wp\/v2\/media?parent=2091"}],"wp:term":[{"taxonomy":"category","embeddable":true,"href":"https:\/\/www.galerie3f.fr\/paris\/wp-json\/wp\/v2\/categories?post=2091"},{"taxonomy":"post_tag","embeddable":true,"href":"https:\/\/www.galerie3f.fr\/paris\/wp-json\/wp\/v2\/tags?post=2091"}],"curies":[{"name":"wp","href":"https:\/\/api.w.org\/{rel}","templated":true}]}}