{"id":2107,"date":"2024-07-14T11:00:34","date_gmt":"2024-07-14T09:00:34","guid":{"rendered":"http:\/\/www.galerie3f.fr\/paris\/?p=2107"},"modified":"2024-07-14T11:05:26","modified_gmt":"2024-07-14T09:05:26","slug":"sonia-bilskaya","status":"publish","type":"post","link":"https:\/\/www.galerie3f.fr\/paris\/sonia-bilskaya\/","title":{"rendered":"SONIA BILSKAYA"},"content":{"rendered":"\n<p>Exposition du 26 ao\u00fbt au 01 septembre 2024<\/p>\n\n\n\n<p><em>Sonia BILSKAYA est une peintre passionn\u00e9e par la couleur et les mondes de l\u2019imaginaire. Elle s\u2019inspire de l\u2019univers des contes et des diff\u00e9rents folklores pour peindre des animaux et des paysages color\u00e9s et p\u00e9tillants. Avec joie et l\u00e9g\u00e8ret\u00e9, elle nous plonge dans un art onirique, s\u2019inspirant du fauvisme et du pointillisme.\u00a0Une grande partie de ses tableaux est aujourd\u2019hui r\u00e9alis\u00e9e \u00e0 la peinture acrylique. Afin de c\u00e9l\u00e9brer les Jeux Olympiques \u00e0 venir, son exposition \u00ab\u00a0Cocorico\u00a0\u00bb nous invite \u00e0 d\u00e9couvrir un poulailler amusant et color\u00e9 o\u00f9 tout amoureux des poules et du monde de la basse-cour trouvera son bonheur.<\/em><\/p>\n\n\n\n<p><a href=\"https:\/\/www.instagram.com\/bilskaya_art\/?hl=fr\">https:\/\/www.instagram.com\/bilskaya_art\/?hl=fr<\/a><\/p>\n\n\n\n<figure class=\"wp-block-image size-large is-resized\"><img loading=\"lazy\" decoding=\"async\" width=\"820\" height=\"1024\" src=\"http:\/\/www.galerie3f.fr\/paris\/wp-content\/uploads\/2024\/07\/sonia-1-820x1024.jpg\" alt=\"\" class=\"wp-image-2108\" style=\"width:840px;height:auto\" srcset=\"https:\/\/www.galerie3f.fr\/paris\/wp-content\/uploads\/2024\/07\/sonia-1-820x1024.jpg 820w, https:\/\/www.galerie3f.fr\/paris\/wp-content\/uploads\/2024\/07\/sonia-1-240x300.jpg 240w, https:\/\/www.galerie3f.fr\/paris\/wp-content\/uploads\/2024\/07\/sonia-1-768x959.jpg 768w, https:\/\/www.galerie3f.fr\/paris\/wp-content\/uploads\/2024\/07\/sonia-1-973x1215.jpg 973w, https:\/\/www.galerie3f.fr\/paris\/wp-content\/uploads\/2024\/07\/sonia-1-508x634.jpg 508w, https:\/\/www.galerie3f.fr\/paris\/wp-content\/uploads\/2024\/07\/sonia-1.jpg 1179w\" sizes=\"auto, (max-width: 820px) 100vw, 820px\" \/><\/figure>\n\n\n\n<p><\/p>\n\n\n\n<figure class=\"wp-block-image size-large\"><img loading=\"lazy\" decoding=\"async\" width=\"728\" height=\"1024\" src=\"http:\/\/www.galerie3f.fr\/paris\/wp-content\/uploads\/2024\/07\/sonia-2-728x1024.jpg\" alt=\"\" class=\"wp-image-2109\" srcset=\"https:\/\/www.galerie3f.fr\/paris\/wp-content\/uploads\/2024\/07\/sonia-2-728x1024.jpg 728w, https:\/\/www.galerie3f.fr\/paris\/wp-content\/uploads\/2024\/07\/sonia-2-213x300.jpg 213w, https:\/\/www.galerie3f.fr\/paris\/wp-content\/uploads\/2024\/07\/sonia-2-768x1081.jpg 768w, https:\/\/www.galerie3f.fr\/paris\/wp-content\/uploads\/2024\/07\/sonia-2-1091x1536.jpg 1091w, https:\/\/www.galerie3f.fr\/paris\/wp-content\/uploads\/2024\/07\/sonia-2-973x1370.jpg 973w, https:\/\/www.galerie3f.fr\/paris\/wp-content\/uploads\/2024\/07\/sonia-2-508x715.jpg 508w, https:\/\/www.galerie3f.fr\/paris\/wp-content\/uploads\/2024\/07\/sonia-2.jpg 1455w\" sizes=\"auto, (max-width: 728px) 100vw, 728px\" \/><\/figure>\n\n\n\n<p><\/p>\n\n\n\n<figure class=\"wp-block-image size-large\"><img loading=\"lazy\" decoding=\"async\" width=\"744\" height=\"1024\" src=\"http:\/\/www.galerie3f.fr\/paris\/wp-content\/uploads\/2024\/07\/sonia3-744x1024.jpg\" alt=\"\" class=\"wp-image-2110\" srcset=\"https:\/\/www.galerie3f.fr\/paris\/wp-content\/uploads\/2024\/07\/sonia3-744x1024.jpg 744w, https:\/\/www.galerie3f.fr\/paris\/wp-content\/uploads\/2024\/07\/sonia3-218x300.jpg 218w, https:\/\/www.galerie3f.fr\/paris\/wp-content\/uploads\/2024\/07\/sonia3-768x1058.jpg 768w, https:\/\/www.galerie3f.fr\/paris\/wp-content\/uploads\/2024\/07\/sonia3-1115x1536.jpg 1115w, https:\/\/www.galerie3f.fr\/paris\/wp-content\/uploads\/2024\/07\/sonia3-973x1340.jpg 973w, https:\/\/www.galerie3f.fr\/paris\/wp-content\/uploads\/2024\/07\/sonia3-508x700.jpg 508w, https:\/\/www.galerie3f.fr\/paris\/wp-content\/uploads\/2024\/07\/sonia3.jpg 1487w\" sizes=\"auto, (max-width: 744px) 100vw, 744px\" \/><\/figure>\n\n\n\n<p><\/p>\n\n\n\n<figure class=\"wp-block-image size-large\"><img loading=\"lazy\" decoding=\"async\" width=\"783\" height=\"1024\" src=\"http:\/\/www.galerie3f.fr\/paris\/wp-content\/uploads\/2024\/07\/sonia4-783x1024.jpg\" alt=\"\" class=\"wp-image-2111\" srcset=\"https:\/\/www.galerie3f.fr\/paris\/wp-content\/uploads\/2024\/07\/sonia4-783x1024.jpg 783w, https:\/\/www.galerie3f.fr\/paris\/wp-content\/uploads\/2024\/07\/sonia4-229x300.jpg 229w, https:\/\/www.galerie3f.fr\/paris\/wp-content\/uploads\/2024\/07\/sonia4-768x1004.jpg 768w, https:\/\/www.galerie3f.fr\/paris\/wp-content\/uploads\/2024\/07\/sonia4-1175x1536.jpg 1175w, https:\/\/www.galerie3f.fr\/paris\/wp-content\/uploads\/2024\/07\/sonia4-973x1272.jpg 973w, https:\/\/www.galerie3f.fr\/paris\/wp-content\/uploads\/2024\/07\/sonia4-508x664.jpg 508w, https:\/\/www.galerie3f.fr\/paris\/wp-content\/uploads\/2024\/07\/sonia4.jpg 1566w\" sizes=\"auto, (max-width: 783px) 100vw, 783px\" \/><\/figure>\n\n\n\n<p><\/p>\n\n\n\n<figure class=\"wp-block-image size-large\"><img loading=\"lazy\" decoding=\"async\" width=\"749\" height=\"1024\" src=\"http:\/\/www.galerie3f.fr\/paris\/wp-content\/uploads\/2024\/07\/sonia6-749x1024.jpg\" alt=\"\" class=\"wp-image-2112\" srcset=\"https:\/\/www.galerie3f.fr\/paris\/wp-content\/uploads\/2024\/07\/sonia6-749x1024.jpg 749w, https:\/\/www.galerie3f.fr\/paris\/wp-content\/uploads\/2024\/07\/sonia6-219x300.jpg 219w, https:\/\/www.galerie3f.fr\/paris\/wp-content\/uploads\/2024\/07\/sonia6-768x1051.jpg 768w, https:\/\/www.galerie3f.fr\/paris\/wp-content\/uploads\/2024\/07\/sonia6-1123x1536.jpg 1123w, https:\/\/www.galerie3f.fr\/paris\/wp-content\/uploads\/2024\/07\/sonia6-973x1331.jpg 973w, https:\/\/www.galerie3f.fr\/paris\/wp-content\/uploads\/2024\/07\/sonia6-508x695.jpg 508w, https:\/\/www.galerie3f.fr\/paris\/wp-content\/uploads\/2024\/07\/sonia6.jpg 1497w\" sizes=\"auto, (max-width: 749px) 100vw, 749px\" \/><\/figure>\n\n\n\n<p><\/p>\n\n\n\n<figure class=\"wp-block-image size-large\"><img loading=\"lazy\" decoding=\"async\" width=\"758\" height=\"1024\" src=\"http:\/\/www.galerie3f.fr\/paris\/wp-content\/uploads\/2024\/07\/sonia7-758x1024.jpg\" alt=\"\" class=\"wp-image-2113\" srcset=\"https:\/\/www.galerie3f.fr\/paris\/wp-content\/uploads\/2024\/07\/sonia7-758x1024.jpg 758w, https:\/\/www.galerie3f.fr\/paris\/wp-content\/uploads\/2024\/07\/sonia7-222x300.jpg 222w, https:\/\/www.galerie3f.fr\/paris\/wp-content\/uploads\/2024\/07\/sonia7-768x1038.jpg 768w, https:\/\/www.galerie3f.fr\/paris\/wp-content\/uploads\/2024\/07\/sonia7-1137x1536.jpg 1137w, https:\/\/www.galerie3f.fr\/paris\/wp-content\/uploads\/2024\/07\/sonia7-973x1314.jpg 973w, https:\/\/www.galerie3f.fr\/paris\/wp-content\/uploads\/2024\/07\/sonia7-508x686.jpg 508w, https:\/\/www.galerie3f.fr\/paris\/wp-content\/uploads\/2024\/07\/sonia7.jpg 1516w\" sizes=\"auto, (max-width: 758px) 100vw, 758px\" \/><\/figure>\n","protected":false},"excerpt":{"rendered":"<p>Exposition du 26 ao\u00fbt au 01 septembre 2024 Sonia BILSKAYA est une peintre passionn\u00e9e par la couleur et les mondes de l\u2019imaginaire. Elle s\u2019inspire de l\u2019univers des contes&#8230;<\/p>\n","protected":false},"author":2,"featured_media":2115,"comment_status":"closed","ping_status":"closed","sticky":false,"template":"","format":"standard","meta":{"footnotes":""},"categories":[1],"tags":[],"class_list":["post-2107","post","type-post","status-publish","format-standard","has-post-thumbnail","hentry","category-autres"],"_links":{"self":[{"href":"https:\/\/www.galerie3f.fr\/paris\/wp-json\/wp\/v2\/posts\/2107","targetHints":{"allow":["GET"]}}],"collection":[{"href":"https:\/\/www.galerie3f.fr\/paris\/wp-json\/wp\/v2\/posts"}],"about":[{"href":"https:\/\/www.galerie3f.fr\/paris\/wp-json\/wp\/v2\/types\/post"}],"author":[{"embeddable":true,"href":"https:\/\/www.galerie3f.fr\/paris\/wp-json\/wp\/v2\/users\/2"}],"replies":[{"embeddable":true,"href":"https:\/\/www.galerie3f.fr\/paris\/wp-json\/wp\/v2\/comments?post=2107"}],"version-history":[{"count":2,"href":"https:\/\/www.galerie3f.fr\/paris\/wp-json\/wp\/v2\/posts\/2107\/revisions"}],"predecessor-version":[{"id":2116,"href":"https:\/\/www.galerie3f.fr\/paris\/wp-json\/wp\/v2\/posts\/2107\/revisions\/2116"}],"wp:featuredmedia":[{"embeddable":true,"href":"https:\/\/www.galerie3f.fr\/paris\/wp-json\/wp\/v2\/media\/2115"}],"wp:attachment":[{"href":"https:\/\/www.galerie3f.fr\/paris\/wp-json\/wp\/v2\/media?parent=2107"}],"wp:term":[{"taxonomy":"category","embeddable":true,"href":"https:\/\/www.galerie3f.fr\/paris\/wp-json\/wp\/v2\/categories?post=2107"},{"taxonomy":"post_tag","embeddable":true,"href":"https:\/\/www.galerie3f.fr\/paris\/wp-json\/wp\/v2\/tags?post=2107"}],"curies":[{"name":"wp","href":"https:\/\/api.w.org\/{rel}","templated":true}]}}