{"id":2530,"date":"2025-12-09T14:15:32","date_gmt":"2025-12-09T13:15:32","guid":{"rendered":"https:\/\/www.galerie3f.fr\/paris\/?p=2530"},"modified":"2025-12-15T18:30:10","modified_gmt":"2025-12-15T17:30:10","slug":"sonia-bilskaya-monteil","status":"publish","type":"post","link":"https:\/\/www.galerie3f.fr\/paris\/sonia-bilskaya-monteil\/","title":{"rendered":"Sonia Bilskaya Monteil"},"content":{"rendered":"\n<p>Exposition du 12 au 18 janvier 2026  ( 10h \u00e0 20 h )<\/p>\n\n\n\n<p><em>Pr\u00e9parez-vous \u00e0 voir des poissons et des coquillages de toutes les couleurs lors de cette plong\u00e9e au c\u0153ur de la \u00ab&nbsp;Fishion Week&nbsp;\u00bb&nbsp;!<\/em><\/p>\n\n\n\n<p><em>Sonia Bilskaya-Monteil, peintre et illustratrice vivant et travaillant \u00e0 Paris, vous emm\u00e8ne dans un univers joyeux et ornemental qui apportera un peu d\u2019\u00e9t\u00e9 au c\u0153ur m\u00eame de l\u2019hiver.<\/em><\/p>\n\n\n\n<p><em>Passionn\u00e9e par le dessin et la peinture depuis longtemps, elle utilise des couleurs vives et des touches pointillistes pour repr\u00e9senter des mondes et personnages oniriques et tout particuli\u00e8rement les animaux du fait de leur nature tr\u00e8s sensible, curieuse, joyeuse et parfois myst\u00e9rieuse.<\/em><\/p>\n\n\n\n<p><em>Instagram:&nbsp;<\/em><a href=\"https:\/\/www.instagram.com\/bilskaya_art\/?hl=en\">https:\/\/www.instagram.com\/bilskaya_art\/?hl=en<\/a><\/p>\n","protected":false},"excerpt":{"rendered":"<p>Exposition du 12 au 18 janvier 2026 ( 10h \u00e0 20 h ) Pr\u00e9parez-vous \u00e0 voir des poissons et des coquillages de toutes les couleurs lors de cette&#8230;<\/p>\n","protected":false},"author":2,"featured_media":2531,"comment_status":"closed","ping_status":"closed","sticky":false,"template":"","format":"standard","meta":{"footnotes":""},"categories":[1],"tags":[],"class_list":["post-2530","post","type-post","status-publish","format-standard","has-post-thumbnail","hentry","category-autres"],"_links":{"self":[{"href":"https:\/\/www.galerie3f.fr\/paris\/wp-json\/wp\/v2\/posts\/2530","targetHints":{"allow":["GET"]}}],"collection":[{"href":"https:\/\/www.galerie3f.fr\/paris\/wp-json\/wp\/v2\/posts"}],"about":[{"href":"https:\/\/www.galerie3f.fr\/paris\/wp-json\/wp\/v2\/types\/post"}],"author":[{"embeddable":true,"href":"https:\/\/www.galerie3f.fr\/paris\/wp-json\/wp\/v2\/users\/2"}],"replies":[{"embeddable":true,"href":"https:\/\/www.galerie3f.fr\/paris\/wp-json\/wp\/v2\/comments?post=2530"}],"version-history":[{"count":2,"href":"https:\/\/www.galerie3f.fr\/paris\/wp-json\/wp\/v2\/posts\/2530\/revisions"}],"predecessor-version":[{"id":2533,"href":"https:\/\/www.galerie3f.fr\/paris\/wp-json\/wp\/v2\/posts\/2530\/revisions\/2533"}],"wp:featuredmedia":[{"embeddable":true,"href":"https:\/\/www.galerie3f.fr\/paris\/wp-json\/wp\/v2\/media\/2531"}],"wp:attachment":[{"href":"https:\/\/www.galerie3f.fr\/paris\/wp-json\/wp\/v2\/media?parent=2530"}],"wp:term":[{"taxonomy":"category","embeddable":true,"href":"https:\/\/www.galerie3f.fr\/paris\/wp-json\/wp\/v2\/categories?post=2530"},{"taxonomy":"post_tag","embeddable":true,"href":"https:\/\/www.galerie3f.fr\/paris\/wp-json\/wp\/v2\/tags?post=2530"}],"curies":[{"name":"wp","href":"https:\/\/api.w.org\/{rel}","templated":true}]}}