{"id":2745,"date":"2026-09-01T14:13:41","date_gmt":"2026-09-01T12:13:41","guid":{"rendered":"https:\/\/www.galerie3f.fr\/paris\/?p=2745"},"modified":"2026-09-01T14:13:41","modified_gmt":"2026-09-01T12:13:41","slug":"stefan-jausz-2","status":"publish","type":"post","link":"https:\/\/www.galerie3f.fr\/paris\/stefan-jausz-2\/","title":{"rendered":"Stefan Jausz"},"content":{"rendered":"\n<p class=\"wp-block-paragraph\">Exposition du 31 ao\u00fbt au 6 septembre 2026<\/p>\n\n\n\n<p class=\"wp-block-paragraph\"><strong><em>\u00c0 la fin du XIXe si\u00e8cle, Gustav Mahler compose sa Symphonie n\u00b02 \u00ab R\u00e9surrection \u00bb, \u00e0 travers laquelle<\/em><\/strong><\/p>\n\n\n\n<p class=\"wp-block-paragraph\"><strong><em>il transmet l\u2019id\u00e9e que, si nous sommes n\u00e9s pour mourir, nous ressuscitons par la suite \u00e0 la vie<\/em><\/strong><\/p>\n\n\n\n<p class=\"wp-block-paragraph\"><strong><em>\u00e9ternelle. Cette oeuvre symphonique a touch\u00e9 l\u2019artiste Stefan Jausz, au point d\u2019entra\u00eener la cr\u00e9ation<\/em><\/strong><\/p>\n\n\n\n<p class=\"wp-block-paragraph\"><strong><em>des oeuvres expos\u00e9es dans la Galerie 3f \u00e0 Paris : des peintures qui expriment la joie du th\u00e9\u00e2tre de la<\/em><\/strong><\/p>\n\n\n\n<p class=\"wp-block-paragraph\"><strong><em>vie, gr\u00e2ce \u00e0 des compositions de couleurs complexes qui r\u00e9v\u00e8lent les secrets de notre vie terrestre.<\/em><\/strong><\/p>\n","protected":false},"excerpt":{"rendered":"<p>Exposition du 31 ao\u00fbt au 6 septembre 2026 \u00c0 la fin du XIXe si\u00e8cle, Gustav Mahler compose sa Symphonie n\u00b02 \u00ab R\u00e9surrection \u00bb, \u00e0 travers laquelle il transmet&#8230;<\/p>\n","protected":false},"author":2,"featured_media":2746,"comment_status":"closed","ping_status":"closed","sticky":false,"template":"","format":"standard","meta":{"footnotes":""},"categories":[1],"tags":[],"class_list":["post-2745","post","type-post","status-publish","format-standard","has-post-thumbnail","hentry","category-autres"],"_links":{"self":[{"href":"https:\/\/www.galerie3f.fr\/paris\/wp-json\/wp\/v2\/posts\/2745","targetHints":{"allow":["GET"]}}],"collection":[{"href":"https:\/\/www.galerie3f.fr\/paris\/wp-json\/wp\/v2\/posts"}],"about":[{"href":"https:\/\/www.galerie3f.fr\/paris\/wp-json\/wp\/v2\/types\/post"}],"author":[{"embeddable":true,"href":"https:\/\/www.galerie3f.fr\/paris\/wp-json\/wp\/v2\/users\/2"}],"replies":[{"embeddable":true,"href":"https:\/\/www.galerie3f.fr\/paris\/wp-json\/wp\/v2\/comments?post=2745"}],"version-history":[{"count":1,"href":"https:\/\/www.galerie3f.fr\/paris\/wp-json\/wp\/v2\/posts\/2745\/revisions"}],"predecessor-version":[{"id":2747,"href":"https:\/\/www.galerie3f.fr\/paris\/wp-json\/wp\/v2\/posts\/2745\/revisions\/2747"}],"wp:featuredmedia":[{"embeddable":true,"href":"https:\/\/www.galerie3f.fr\/paris\/wp-json\/wp\/v2\/media\/2746"}],"wp:attachment":[{"href":"https:\/\/www.galerie3f.fr\/paris\/wp-json\/wp\/v2\/media?parent=2745"}],"wp:term":[{"taxonomy":"category","embeddable":true,"href":"https:\/\/www.galerie3f.fr\/paris\/wp-json\/wp\/v2\/categories?post=2745"},{"taxonomy":"post_tag","embeddable":true,"href":"https:\/\/www.galerie3f.fr\/paris\/wp-json\/wp\/v2\/tags?post=2745"}],"curies":[{"name":"wp","href":"https:\/\/api.w.org\/{rel}","templated":true}]}}