{"id":288,"date":"2019-04-17T12:44:26","date_gmt":"2019-04-17T10:44:26","guid":{"rendered":"http:\/\/www.galerie3f.fr\/paris\/?p=288"},"modified":"2026-04-17T09:31:47","modified_gmt":"2026-04-17T07:31:47","slug":"agenda-des-expos","status":"publish","type":"post","link":"https:\/\/www.galerie3f.fr\/paris\/agenda-des-expos\/","title":{"rendered":"Agenda"},"content":{"rendered":"\n<figure class=\"wp-block-image\"><img loading=\"lazy\" decoding=\"async\" width=\"1024\" height=\"201\" src=\"http:\/\/www.galerie3f.fr\/paris\/wp-content\/uploads\/2019\/03\/galerie-3f-expos-bandeau-1024x201.jpg\" alt=\"\" class=\"wp-image-294\" srcset=\"https:\/\/www.galerie3f.fr\/paris\/wp-content\/uploads\/2019\/03\/galerie-3f-expos-bandeau-1024x201.jpg 1024w, https:\/\/www.galerie3f.fr\/paris\/wp-content\/uploads\/2019\/03\/galerie-3f-expos-bandeau-300x59.jpg 300w, https:\/\/www.galerie3f.fr\/paris\/wp-content\/uploads\/2019\/03\/galerie-3f-expos-bandeau-768x150.jpg 768w, https:\/\/www.galerie3f.fr\/paris\/wp-content\/uploads\/2019\/03\/galerie-3f-expos-bandeau-973x191.jpg 973w, https:\/\/www.galerie3f.fr\/paris\/wp-content\/uploads\/2019\/03\/galerie-3f-expos-bandeau-508x99.jpg 508w, https:\/\/www.galerie3f.fr\/paris\/wp-content\/uploads\/2019\/03\/galerie-3f-expos-bandeau.jpg 1200w\" sizes=\"auto, (max-width: 1024px) 100vw, 1024px\" \/><\/figure>\n\n\n\n<p><\/p>\n\n\n\n<figure class=\"wp-block-gallery has-nested-images columns-default is-cropped wp-block-gallery-1 is-layout-flex wp-block-gallery-is-layout-flex\"><\/figure>\n\n\n\n<h2 class=\"wp-block-heading\"><\/h2>\n\n\n\n<p><strong>2024<\/strong><\/p>\n\n\n\n<p>Du 19 f\u00e9vrier au 03 mars 2024 : Claude LEGUAY<\/p>\n\n\n\n<p>Du 04 au 17 mars 2024 : Artistes italiens \u00ab\u00a0THINKING TO THE FUTURE\u00a0\u00bb<\/p>\n\n\n\n<p>Du 18 au 24 mars 2024 : Elisabeth et GUILHEM et Fr\u00e9d\u00e9ric AMBLARD<\/p>\n\n\n\n<p>Du 25 mars au 28 avril 2024 : Michael McGUIRE <a href=\"http:\/\/www.michaelmcguire.net\" data-type=\"link\" data-id=\"www.michaelmcguire.net\">www.michaelmcguire.net<\/a><\/p>\n\n\n\n<p>Du 29 avril au 05 mai 2024 : Isabelle DUMON<\/p>\n\n\n\n<p>Du 06 mai au 12 mai 2024 : Isabelle MARTEAU<\/p>\n\n\n\n<p>Du 13 mai  au 19 mai 2024 : Isabelle Four\u00e9<\/p>\n\n\n\n<p>Du 20 mai au 26 mai 2024 : Hafida LEGHBALI<\/p>\n\n\n\n<p>Du 27 mai au 02 juin 2024 : Christina MANOLAGAS et Christ\u00e8le GUERARD   <a href=\"https:\/\/www.christeleguerard-sculptures.com\/\">https:\/\/www.christeleguerard-sculptures.com\/<\/a> et <a href=\"https:\/\/www.facebook.com\/christinamanolagas\/?locale=fr_FR\">https:\/\/www.facebook.com\/christinamanolagas\/?locale=fr_FR<\/a><\/p>\n\n\n\n<p>Du 03 juin au 09 juin 2024 : Citronelle Dufay et Peter Keyser<\/p>\n\n\n\n<p>Du 10 juin au 16 juin 2024 :Sandrine RONCALLI<\/p>\n\n\n\n<p>Du 17 juin  au 23 juin 2024 : Isabelle Marteau<\/p>\n\n\n\n<p>Du 24 juin au 30 juin 2024 : Alexandra BREZNAY <a href=\"https:\/\/www.alexandrabreznaydrawings.com\/\">https:\/\/www.alexandrabreznaydrawings.com\/<\/a> ET <a href=\"http:\/\/www.alexandrabreznay.com\/\">http:\/\/www.alexandrabreznay.com\/<\/a><\/p>\n\n\n\n<p>Du 31 juin au 14 juillet 2024 : Sabrina FALZONE<\/p>\n\n\n\n<p>Du 15 juillet au 21 juillet 2024: Anne marie JEGARD<\/p>\n\n\n\n<p><\/p>\n\n\n\n<p>Du 29 juillet au  11 ao\u00fbt 2024 : Sarah BEN LATAIEF<\/p>\n\n\n\n<p>Du 12 ao\u00fbt au 25 ao\u00fbt : Philippa AKAKPO MARGUET<\/p>\n\n\n\n<p>Du 26 ao\u00fbt au 01 septembre 2024  Sonia BILSKAYA <a href=\"https:\/\/www.instagram.com\/bilskaya_art\/?hl=fr\">https:\/\/www.instagram.com\/bilskaya_art\/?hl=fr<\/a><\/p>\n\n\n\n<p>Du 02 au 08 septembre :Isabelle JOYAUX et KAMAWAH YAN<\/p>\n\n\n\n<p><a href=\"http:\/\/www.isabellejoyaux.com\">www.isabellejoyaux.com<\/a> et<a href=\"https:\/\/kamwahyan.com\/\">https:\/\/kamwahyan.com\/<\/a><\/p>\n\n\n\n<p>Du 09 au 15 septembre 2024 : Hafida LEGHBALI<\/p>\n\n\n\n<p>Du 16 au 22 septembre 2024 : Th\u00e9o APPEL<\/p>\n\n\n\n<p>Du 23 au 29 septembre 2024 : Marl\u00e8ne HUE et Florence BOULET<\/p>\n\n\n\n<p>Du 30 septembre au  06 octobre 2024 :  D&rsquo;anvers aux Abbesses<a href=\"https:\/\/www.anversauxabbesses.fr\/\" data-type=\"link\" data-id=\"https:\/\/www.anversauxabbesses.fr\/\">https:\/\/www.anversauxabbesses.fr\/<\/a><\/p>\n\n\n\n<p>Du 07 au 13 octobre  2024 : Vanessa BERTIN<\/p>\n\n\n\n<p>Du 14 au 20  octobre  2024 : Mr DUC<\/p>\n\n\n\n<p>Du 21 au 27 octobre  2024 : In\u00e8s de France<\/p>\n\n\n\n<p>Du 28 octobre au 03 novembre 2024 : Mr Tafoya <a href=\"https:\/\/www.jaimetafoya.com\/\">https:\/\/www.jaimetafoya.com\/<\/a><\/p>\n\n\n\n<p>Du 04 au 10 novembre : Victor Kafarello<\/p>\n\n\n\n<p>Du 11 au 17 novembre 2024 : Portes Ouvertes d&rsquo;Anvers aux Abbesses JM FAUDEMER et ODILE CAMPARD <a href=\"http:\/\/www.galerie3f.fr\">http:\/\/www.galerie3f.fr<\/a><\/p>\n\n\n\n<p>Du 18 novembre AU 24 Novembre 2024 : <\/p>\n\n\n\n<p>Du 25 novembre  au 01 d\u00e9cembre 2024 : Giovanna GALLI <a href=\"http:\/\/www.lamosaique.eu\/Giovanna\/g-index.html\" data-type=\"link\" data-id=\"http:\/\/www.lamosaique.eu\/Giovanna\/g-index.html\">http:\/\/www.lamosaique.eu\/Giovanna\/g-index.html<\/a><\/p>\n\n\n\n<p>Du 02 d\u00e9cembre  au 22 d\u00e9cembre 2024 : Jos\u00e9 CUENO<a href=\"https:\/\/www.josecuneo.com\/\" data-type=\"link\" data-id=\"https:\/\/www.josecuneo.com\/\">https:\/\/www.josecuneo.com\/<\/a><\/p>\n\n\n\n<p><strong>2025<\/strong><\/p>\n\n\n\n<p>Du 6 au 12 janvier 2025 : Didier BLIN <\/p>\n\n\n\n<p>Du 13 au 19 janvier 2025 :Lumina WANG <\/p>\n\n\n\n<p>Du 20 au 26 janvier : Nausicaa FAVART AMOUROUX <a href=\"https:\/\/www.nausicaafavartamouroux.com\/\">https:\/\/www.nausicaafavartamouroux.com\/<\/a><\/p>\n\n\n\n<p>Du 27 janvier au 02 f\u00e9vrier 2025 : Marie Jeanne Avgerinos Keller<a href=\"https:\/\/www.instagram.com\/mariejeanneavgerinos\/?hl=fr\">https:\/\/www.instagram.com\/mariejeanneavgerinos\/?hl=fr<\/a><\/p>\n\n\n\n<p>Du 10 au 16 f\u00e9vrier 2025 : France GENATIO <a href=\"https:\/\/www.instagram.com\/luminawang\/?hl=fr\">https:\/\/www.instagram.com\/luminawang\/?hl=fr<\/a><\/p>\n\n\n\n<p>Du 18 au 22 f\u00e9vrier 2025 :Myl\u00e8ne DANA et Thierry HOLLANDE <\/p>\n\n\n\n<p>Du 11 au 16 mars 2025 : Fr\u00e9d\u00e9ric AMBLARD et Elisabeth GUILHEM <a href=\"https:\/\/fredelys.art\/\">https:\/\/fredelys.art\/<\/a><\/p>\n\n\n\n<p>Du 17 au 23 mars 2025 : Nathalie de PARSEVAL et Friedrich RIPPMANN<\/p>\n\n\n\n<p>Du 24 AU 30 mars 2025 : Vanessa VITI et Giulia ZANESI <\/p>\n\n\n\n<p>Du 31 mars au 27 avril 2025 :Michael Mac GUIRE Vernissage le 19 avril de 18 h \u00e0 21 h <a href=\"https:\/\/www.michaelmcguire.net\/\">https:\/\/www.michaelmcguire.net\/<\/a><\/p>\n\n\n\n<p>Du 28 avril au 04 mai 2025 ; Claude Leguay<a href=\"claudeleguay@yahoo.fr\">claudeleguay@yahoo.fr<\/a><\/p>\n\n\n\n<p>Du 5 au 11 mai  2025 : Isabelle MARTEAU <\/p>\n\n\n\n<p>Du 12 au 18 mai :Patrice  SOUFFLARD <a href=\"http:\/\/www.patsouff.fr\/discotheque.html\">http:\/\/www.patsouff.fr\/discotheque.html<\/a><\/p>\n\n\n\n<p>Du 19 au 25 mai 2025 : Sylvie DUJONCQUOY<\/p>\n\n\n\n<p>Du 26 mai au 01 juin 2025 : Shaima KHAN<a href=\"https:\/\/atelierkhanrenew.ch\/art-esenj\/\">https:\/\/atelierkhanrenew.ch\/art-esenj\/<\/a><\/p>\n\n\n\n<p>Du 02 au 08 juin 2025: B\u00e9atrice MEGALE <\/p>\n\n\n\n<p>Du 09 au 15 juin 2025 : Isabelle PERUS <\/p>\n\n\n\n<p>Du 16 au 22 juin 2025 : Isabelle MARTEAU<\/p>\n\n\n\n<p>Du 23 AU 29 JUIN 2025 : HANNAH<\/p>\n\n\n\n<p>Du 30 juin au 13 juillet 2025 :Laure SALIMATA DIALLO<\/p>\n\n\n\n<p>Du 14 juillet au 03 ao\u00fbt : Sarah Ben LATAIEF <\/p>\n\n\n\n<p>Du 04 au 31 ao\u00fbt 2025 : Philippa AKAKAPO MARGUET <\/p>\n\n\n\n<p>Du 1er au 7 septembre 2025 Genia AKOULOVA <a href=\"https:\/\/www.instagram.com\/akelo.art\/?hl=fr\">https:\/\/www.instagram.com\/akelo.art\/?hl=fr<\/a><\/p>\n\n\n\n<p>Du 08 au 14 septembre 2025 : Lubomila KOSSACHKA <a href=\"https:\/\/www.artmajeur.com\/lubomila-kossachka\">https:\/\/www.artmajeur.com\/lubomila-kossachka<\/a><\/p>\n\n\n\n<p>Du 15 au 21 septembre 2025 ; Deborah Vincent et Bloganozart <a href=\"https:\/\/bloganozart.wordpress.com\/\">https:\/\/bloganozart.wordpress.com\/<\/a><\/p>\n\n\n\n<p>Du 22 au 28 septembre 2025 : Anne VANRECHEM <a href=\"http:\/\/www.annevanrechem.com\">http:\/\/www.annevanrechem.com<\/a><\/p>\n\n\n\n<p>Du 29 septembre au 05 octobre ; OFILDUMEKONG <a href=\"https:\/\/ofildumekong.fr\/\">https:\/\/ofildumekong.fr\/<\/a><\/p>\n\n\n\n<p>Du 06 au 12 octobre 2025 : B\u00e9atrice MEGALE <\/p>\n\n\n\n<p>Du 13 au 19 Octobre 2025 Noriko MIHARA <a href=\"https:\/\/www.facebook.com\/photo\/?fbid=319217271496727&amp;set=pob.100002253706144\">https:\/\/www.facebook.com\/photo\/?fbid=319217271496727&amp;set=pob.100002253706144<\/a><\/p>\n\n\n\n<p>Du 20 au 26 octobre 2025 :Claire TOULOUSE et G\u00e9rard de PABLO<a href=\"https:\/\/soloist.ai\/gerardodepablo?fbclid=PAZXh0bgNhZW0CMTEAAaf6bGcXLI0VzilKBRdoCZXFksH1qFfYR43wCHnCXMIAkUd_FmmfZ2yCLQoC2g_aem_6kT6XGxLMbU_F47xKSZ5Fw\">https:\/\/soloist.ai\/gerardodepablo?fbclid=PAZXh0bgNhZW0CMTEAAaf6bGcXLI0VzilKBRdoCZXFksH1qFfYR43wCHnCXMIAkUd_FmmfZ2yCLQoC2g_aem_6kT6XGxLMbU_F47xKSZ5Fw<\/a><\/p>\n\n\n\n<p>Du 27 octobre au 02 novembre 2025 : Claire de Toulouse, Baakan et Marina Molitano<\/p>\n\n\n\n<p>Du 03 au 09 novembre 2025 : \u00ab\u00a0La po\u00e9tique des objets \u00a0\u00bb par Bertilli Franca <\/p>\n\n\n\n<p>Du 10 au 16 novembre 2025 : Etsuko ADACHI <\/p>\n\n\n\n<p>Du 17 au 23 novembre 2025 ; Hernando HERRERA<\/p>\n\n\n\n<p>Du 24 au 30 novembre 2025 :Isabelle MARTEAU <\/p>\n\n\n\n<p>Du 1 au 14 d\u00e9cembre 2025 : Claire de Toulouse <\/p>\n\n\n\n<p>Du 15 au 21 d\u00e9cembre 2025 : Isabelle Warolin <\/p>\n\n\n\n<p>Du 22 ay 28 d\u00e9cembre 2025 : Justine Bonvarlet <\/p>\n\n\n\n<p><strong>2026<\/strong><\/p>\n\n\n\n<p>Du 29 d\u00e9cembre 2025 au 04 janvier 2026 : Bettina Sultan .<a href=\"https:\/\/www.bettinasultan.com\/\">https:\/\/www.bettinasultan.com\/<\/a><\/p>\n\n\n\n<p>Du 05 au 11 janvier 2026 : Didier BLIN <a href=\"https:\/\/www.instagram.com\/didier_blin\/\">https:\/\/www.instagram.com\/didier_blin\/<\/a><\/p>\n\n\n\n<p>Du12 au 18 janvier 2026 : Sonia Bilskaya <a href=\"https:\/\/www.instagram.com\/bilskaya_art\/\">https:\/\/www.instagram.com\/bilskaya_art\/<\/a><\/p>\n\n\n\n<p>Du 22 au 25 janvier 2026 :  Tous Pour l&rsquo;Ukraine <a href=\"https:\/\/www.helloasso.com\/associations\/tous-pour-l-ukraine-all4ua\">https:\/\/www.helloasso.com\/associations\/tous-pour-l-ukraine-all4ua<\/a><\/p>\n\n\n\n<p>Du 26 janvier au 01 f\u00e9vrier 2026 : Naussica Favard Amouroux <a href=\"https:\/\/www.instagram.com\/nausicaafa\/\">https:\/\/www.instagram.com\/nausicaafa\/<\/a><\/p>\n\n\n\n<p>Du 02 au 22 fevrier 2026 ; Jos\u00e9 Cun\u00e9o <a href=\"https:\/\/www.josecuneo.com\/\">https:\/\/www.josecuneo.com\/<\/a><\/p>\n\n\n\n<p>Du 23 f\u00e9vrier  au 01 mars 2026 : Jean Lin<\/p>\n\n\n\n<p>Du 02 au 08 mars 2026 ; Association ARTIF <\/p>\n\n\n\n<p>Du 09 au 15 mars 2026 : Isabelle Perus <a href=\"https:\/\/www.instagram.com\/kasket_factory\/\">https:\/\/www.instagram.com\/kasket_factory\/<\/a><\/p>\n\n\n\n<p>Du 16 au 22 mars 2026 ; V\u00e9ronique ATTIA <a href=\"https:\/\/www.veroniqueattia.com\/collections?isHome=1\">https:\/\/www.veroniqueattia.com\/collections?isHome=1<\/a><\/p>\n\n\n\n<p>Du 23 au 29 mars 2026 Jose Miguel BERMUDEZ CASTILLO <\/p>\n\n\n\n<p>Du 30 mars au 26 avril 2026 : Michael Mac Guire <\/p>\n\n\n\n<p>Du 27 avril au 03 mai 2026 ; France Genatio <\/p>\n\n\n\n<p>Du 04 au 10 mai 2026 : Isabelle Marteau <a href=\"https:\/\/lafabriquedezaza.fr\/\">https:\/\/lafabriquedezaza.fr\/<\/a><\/p>\n\n\n\n<p>Du 11 au 17 mais ; Marie Puybaraud  <a href=\"https:\/\/www.artactif.com\/artistes\/marie-puybaraud\/\">https:\/\/www.artactif.com\/artistes\/marie-puybaraud\/<\/a><\/p>\n\n\n\n<p>Du 18 au 24 mai 2026 : Christophe Pradal<\/p>\n\n\n\n<p>Du 25 au 31 mai 2026 ; Heike R\u00d6TTGER <a href=\"https:\/\/www.facebook.com\/heike.rottger.byhr\/\">https:\/\/www.facebook.com\/heike.rottger.byhr\/<\/a><\/p>\n\n\n\n<p>Du 1er au 14  juin 2026 :Gabrielle <\/p>\n\n\n\n<p>Du 15 au 21 juin 2026 : Isabelle Marteau <a href=\"https:\/\/lafabriquedezaza.fr\/\">https:\/\/lafabriquedezaza.fr\/<\/a><\/p>\n\n\n\n<p>Du 22 au 28 juin 2026 :Hannah ASSOULINE <a href=\"https:\/\/www.hannahassoulinegallery.com\/fr\/contenu\/20-accueil\">https:\/\/www.hannahassoulinegallery.com\/fr\/contenu\/20-accueil<\/a><\/p>\n\n\n\n<p>Du 28 juin au 12 juillet 2026 : Sarah Ben Lateif<\/p>\n\n\n\n<p><\/p>\n\n\n\n<p>Du 13 au 19 juillet : B\u00e9atrice M\u00e9gale <\/p>\n\n\n\n<p>Du 20 au 21 juillet : Marie  Puybaraud <a href=\"https:\/\/www.artactif.com\/artistes\/marie-puybaraud\/\">https:\/\/www.artactif.com\/artistes\/marie-puybaraud\/<\/a><\/p>\n\n\n\n<p>Du 24 au 30 ao\u00fbt 2026  :Flore Rigoigne <\/p>\n\n\n\n<p>Du 31 ao\u00fbt au 06 septembre 2026 : Stefan JAUSZ  <a href=\"http:\/\/www.isti-art.com\" data-type=\"link\" data-id=\"www.isti-art.com\">www.isti-art.com<\/a><\/p>\n\n\n\n<p>Du 07  au 13 septembre 2026 : Anne BILLY <\/p>\n\n\n\n<p>Du 14 au 21 septembre 2026 ; Theo Appel <\/p>\n\n\n\n<p>Du 21 au 27 septembre 2026 ; Ghislaine Gu\u00e9rin <\/p>\n\n\n\n<p>Du 28 septembre au 04 octobre 2026 : Mathilde Maurel <\/p>\n\n\n\n<p>Du 05 au 11 octobre 2026 Nathalie de Persoval  et <\/p>\n\n\n\n<p>Du 12 au 18 octobre 2026 : Blogazart <\/p>\n\n\n\n<p>Du 19 au 25 octobre 2026 :Claire TOULOUSE <\/p>\n\n\n\n<p>Du 26 octobre au 1er novembre 2026 : R\u00e9serv\u00e9 <\/p>\n\n\n\n<p>Du 02 au 08 novembre 2026 : Jean Michel FAUDEMER <\/p>\n\n\n\n<p>Du 09 au 15 novembre 2026 : r\u00e9serv\u00e9 <\/p>\n\n\n\n<p>Du 16 au 22 novembre 2026 : Jean Michel Faudemer et Odile CAMPARD <\/p>\n\n\n\n<p>Du 23 au 29 novembre 2026 : r\u00e9serv\u00e9 <\/p>\n\n\n\n<p>Du 30  novembre au 06 d\u00e9cembre 2026 : Citronnelle DUFAY <\/p>\n\n\n\n<p>Du 07 au 13 d\u00e9cembre 2026 : Isabelle Marteau <\/p>\n\n\n\n<p>Du 14 au 20 d\u00e9cembre 2026 : Au fil du M\u00e9kong <\/p>\n\n\n\n<p>Du 21 au 27 d\u00e9cembre 2025 : Amuradha Delacour <\/p>\n\n\n\n<p><\/p>\n\n\n\n<p>2027<\/p>\n\n\n\n<p>Du 1er au 28  f\u00e9vrier 2027 : Jos\u00e9 CUENO<\/p>\n\n\n\n<p>Du 1er au 7 mars 2027  : Musicando<\/p>\n\n\n\n<p>Du 8 au 14 mars 2027 : Isabelle MARTEAU <\/p>\n\n\n\n<p>Du 14 au 21 mars 2027 : Frederic AMBLARD et Elisabeth GUILHEM <\/p>\n\n\n\n<p>Du 29 mars  au 04 avril 2027 : Denys SUKHININ <\/p>\n\n\n\n<p>Du 5 au 11 avril 2027 : Lili FRERIKS <\/p>\n\n\n\n<p>Du 19 au 25 avril 2027 :Leonardo PALACIOS <\/p>\n\n\n\n<p>Du 3 au 9 mai 2027 : Isabelle MARTEAU<\/p>\n\n\n\n<p>Du 17 au 23 mai 2027 : Association ARTIF<\/p>\n\n\n\n<p>Du 7 au 13 juin 2027 : Viviane QUEFFURUS <\/p>\n","protected":false},"excerpt":{"rendered":"<p>D\u00e9couvrez la liste des prochaines expos \u00e0 la Galerie 3f &#8230;<\/p>\n","protected":false},"author":1,"featured_media":293,"comment_status":"closed","ping_status":"open","sticky":true,"template":"","format":"standard","meta":{"footnotes":""},"categories":[1],"tags":[22],"class_list":["post-288","post","type-post","status-publish","format-standard","has-post-thumbnail","hentry","category-autres","tag-exposition"],"_links":{"self":[{"href":"https:\/\/www.galerie3f.fr\/paris\/wp-json\/wp\/v2\/posts\/288","targetHints":{"allow":["GET"]}}],"collection":[{"href":"https:\/\/www.galerie3f.fr\/paris\/wp-json\/wp\/v2\/posts"}],"about":[{"href":"https:\/\/www.galerie3f.fr\/paris\/wp-json\/wp\/v2\/types\/post"}],"author":[{"embeddable":true,"href":"https:\/\/www.galerie3f.fr\/paris\/wp-json\/wp\/v2\/users\/1"}],"replies":[{"embeddable":true,"href":"https:\/\/www.galerie3f.fr\/paris\/wp-json\/wp\/v2\/comments?post=288"}],"version-history":[{"count":272,"href":"https:\/\/www.galerie3f.fr\/paris\/wp-json\/wp\/v2\/posts\/288\/revisions"}],"predecessor-version":[{"id":2647,"href":"https:\/\/www.galerie3f.fr\/paris\/wp-json\/wp\/v2\/posts\/288\/revisions\/2647"}],"wp:featuredmedia":[{"embeddable":true,"href":"https:\/\/www.galerie3f.fr\/paris\/wp-json\/wp\/v2\/media\/293"}],"wp:attachment":[{"href":"https:\/\/www.galerie3f.fr\/paris\/wp-json\/wp\/v2\/media?parent=288"}],"wp:term":[{"taxonomy":"category","embeddable":true,"href":"https:\/\/www.galerie3f.fr\/paris\/wp-json\/wp\/v2\/categories?post=288"},{"taxonomy":"post_tag","embeddable":true,"href":"https:\/\/www.galerie3f.fr\/paris\/wp-json\/wp\/v2\/tags?post=288"}],"curies":[{"name":"wp","href":"https:\/\/api.w.org\/{rel}","templated":true}]}}